{"id":11115,"date":"2024-05-14T06:57:02","date_gmt":"2024-05-14T11:27:02","guid":{"rendered":"https:\/\/www.defiendete.org\/noticias\/?p=11115"},"modified":"2024-05-14T06:58:55","modified_gmt":"2024-05-14T11:28:55","slug":"11115-2","status":"publish","type":"post","link":"https:\/\/www.defiendete.org\/noticias\/11115-2\/","title":{"rendered":"FENAJUP junto a Asociaciones de Jubilados planifican actividades."},"content":{"rendered":"\n<p><strong>FENAJUP junto a Asociaciones de Jubilados planifican actividades<\/strong>.<\/p>\n\n\n\n<p>Hoy #13May, nuestro Coordinador Nacional Dip. Ing\u00b0. Arnoldo Ben\u00edtez C. estuvo en la sede de la CTV, Caracas, reunido con los Miembros Directivos de FENAJUPV y los Representantes de las Asociaciones de Jubilados y Pensionados que hacen vida activa en Caracas, para planificar las actividades de calle a realizar el pr\u00f3ximo 15 de mayo d\u00eda Internacional de la Familia y el 29 de mayo d\u00eda del Adulto Mayor.\u00a0<\/p>\n\n\n\n<figure class=\"wp-block-image size-full\"><img fetchpriority=\"high\" decoding=\"async\" width=\"1080\" height=\"1080\" src=\"https:\/\/www.defiendete.org\/noticias\/wp-content\/uploads\/2024\/05\/IMG-20240513-WA0130.jpg\" alt=\"\" class=\"wp-image-11116\" srcset=\"https:\/\/www.defiendete.org\/noticias\/wp-content\/uploads\/2024\/05\/IMG-20240513-WA0130.jpg 1080w, https:\/\/www.defiendete.org\/noticias\/wp-content\/uploads\/2024\/05\/IMG-20240513-WA0130-640x640.jpg 640w, https:\/\/www.defiendete.org\/noticias\/wp-content\/uploads\/2024\/05\/IMG-20240513-WA0130-150x150.jpg 150w, https:\/\/www.defiendete.org\/noticias\/wp-content\/uploads\/2024\/05\/IMG-20240513-WA0130-768x768.jpg 768w\" sizes=\"(max-width: 1080px) 100vw, 1080px\" \/><\/figure>\n","protected":false},"excerpt":{"rendered":"<p>FENAJUP junto a Asociaciones de Jubilados planifican actividades. Hoy #13May, nuestro Coordinador Nacional Dip. Ing\u00b0. Arnoldo Ben\u00edtez C. estuvo en la sede de la CTV, Caracas, reunido con los Miembros Directivos de FENAJUPV y los Representantes de las Asociaciones de Jubilados y [&hellip;]<\/p>\n","protected":false},"author":2,"featured_media":0,"comment_status":"open","ping_status":"open","sticky":false,"template":"","format":"standard","meta":{"_uag_custom_page_level_css":"","site-sidebar-layout":"default","site-content-layout":"","ast-site-content-layout":"default","site-content-style":"default","site-sidebar-style":"default","ast-global-header-display":"","ast-banner-title-visibility":"","ast-main-header-display":"","ast-hfb-above-header-display":"","ast-hfb-below-header-display":"","ast-hfb-mobile-header-display":"","site-post-title":"","ast-breadcrumbs-content":"","ast-featured-img":"","footer-sml-layout":"","theme-transparent-header-meta":"","adv-header-id-meta":"","stick-header-meta":"","header-above-stick-meta":"","header-main-stick-meta":"","header-below-stick-meta":"","astra-migrate-meta-layouts":"set","ast-page-background-enabled":"default","ast-page-background-meta":{"desktop":{"background-color":"","background-image":"","background-repeat":"repeat","background-position":"center center","background-size":"auto","background-attachment":"scroll","background-type":"","background-media":"","overlay-type":"","overlay-color":"","overlay-opacity":"","overlay-gradient":""},"tablet":{"background-color":"","background-image":"","background-repeat":"repeat","background-position":"center center","background-size":"auto","background-attachment":"scroll","background-type":"","background-media":"","overlay-type":"","overlay-color":"","overlay-opacity":"","overlay-gradient":""},"mobile":{"background-color":"","background-image":"","background-repeat":"repeat","background-position":"center center","background-size":"auto","background-attachment":"scroll","background-type":"","background-media":"","overlay-type":"","overlay-color":"","overlay-opacity":"","overlay-gradient":""}},"ast-content-background-meta":{"desktop":{"background-color":"var(--ast-global-color-5)","background-image":"","background-repeat":"repeat","background-position":"center center","background-size":"auto","background-attachment":"scroll","background-type":"","background-media":"","overlay-type":"","overlay-color":"","overlay-opacity":"","overlay-gradient":""},"tablet":{"background-color":"var(--ast-global-color-5)","background-image":"","background-repeat":"repeat","background-position":"center center","background-size":"auto","background-attachment":"scroll","background-type":"","background-media":"","overlay-type":"","overlay-color":"","overlay-opacity":"","overlay-gradient":""},"mobile":{"background-color":"var(--ast-global-color-5)","background-image":"","background-repeat":"repeat","background-position":"center center","background-size":"auto","background-attachment":"scroll","background-type":"","background-media":"","overlay-type":"","overlay-color":"","overlay-opacity":"","overlay-gradient":""}},"footnotes":""},"categories":[1],"tags":[50,78,77],"class_list":["post-11115","post","type-post","status-publish","format-standard","hentry","category-general","tag-adultos-mayores","tag-justicia-social","tag-organizacion"],"uagb_featured_image_src":{"full":false,"thumbnail":false,"medium":false,"medium_large":false,"large":false,"1536x1536":false,"2048x2048":false},"uagb_author_info":{"display_name":"FEVACU","author_link":"https:\/\/www.defiendete.org\/noticias\/author\/fevacu\/"},"uagb_comment_info":0,"uagb_excerpt":"FENAJUP junto a Asociaciones de Jubilados planifican actividades. Hoy #13May, nuestro Coordinador Nacional Dip. Ing\u00b0. Arnoldo Ben\u00edtez C. estuvo en la sede de la CTV, Caracas, reunido con los Miembros Directivos de FENAJUPV y los Representantes de las Asociaciones de Jubilados y [&hellip;]","_links":{"self":[{"href":"https:\/\/www.defiendete.org\/noticias\/wp-json\/wp\/v2\/posts\/11115","targetHints":{"allow":["GET"]}}],"collection":[{"href":"https:\/\/www.defiendete.org\/noticias\/wp-json\/wp\/v2\/posts"}],"about":[{"href":"https:\/\/www.defiendete.org\/noticias\/wp-json\/wp\/v2\/types\/post"}],"author":[{"embeddable":true,"href":"https:\/\/www.defiendete.org\/noticias\/wp-json\/wp\/v2\/users\/2"}],"replies":[{"embeddable":true,"href":"https:\/\/www.defiendete.org\/noticias\/wp-json\/wp\/v2\/comments?post=11115"}],"version-history":[{"count":2,"href":"https:\/\/www.defiendete.org\/noticias\/wp-json\/wp\/v2\/posts\/11115\/revisions"}],"predecessor-version":[{"id":11118,"href":"https:\/\/www.defiendete.org\/noticias\/wp-json\/wp\/v2\/posts\/11115\/revisions\/11118"}],"wp:attachment":[{"href":"https:\/\/www.defiendete.org\/noticias\/wp-json\/wp\/v2\/media?parent=11115"}],"wp:term":[{"taxonomy":"category","embeddable":true,"href":"https:\/\/www.defiendete.org\/noticias\/wp-json\/wp\/v2\/categories?post=11115"},{"taxonomy":"post_tag","embeddable":true,"href":"https:\/\/www.defiendete.org\/noticias\/wp-json\/wp\/v2\/tags?post=11115"}],"curies":[{"name":"wp","href":"https:\/\/api.w.org\/{rel}","templated":true}]}}