{"id":11143,"date":"2024-05-19T10:30:33","date_gmt":"2024-05-19T15:00:33","guid":{"rendered":"https:\/\/www.defiendete.org\/noticias\/?p=11143"},"modified":"2025-08-07T05:50:53","modified_gmt":"2025-08-07T10:20:53","slug":"victoria-en-la-victoria-estado-aragua","status":"publish","type":"post","link":"https:\/\/www.defiendete.org\/noticias\/victoria-en-la-victoria-estado-aragua\/","title":{"rendered":"VICTORIA en La Victoria, estado Aragua"},"content":{"rendered":"\n<p class=\"has-text-align-left\"><a href=\"https:\/\/www.instagram.com\/explore\/tags\/18may\/\"><br>#18May<\/a>\u00a0Nuestro Coordinador Nacional Dip. Ing\u00b0. Arnoldo Ben\u00edtez C,\u00a0<a href=\"https:\/\/www.instagram.com\/arnoldobenitezcv\/\">@arnoldobenitezcv<\/a>\u00a0estuvo en La Victoria\/Aragua acompa\u00f1ando a\u00a0la lideresa de Venezuela <a href=\"https:\/\/www.instagram.com\/MariaCorinaYA\/\">@MariaCorinaYA<\/a>\u00a0y\u00a0a nuestro Candidato Presidencial Edmundo Gonz\u00e1lez Urrutia <a href=\"https:\/\/www.instagram.com\/egonzalezurrutia\/\">@egonzalezurrutia<\/a>\u00a0en su 1\u00b0 acto p\u00fablico. Aragua demostr\u00f3 no tener miedo al r\u00e9gimen que hizo lo imposible por torpedear el majestuoso acto qu\u00e9 marc\u00f3 el inicio del cambio pol\u00edtico el\u00a0<a href=\"https:\/\/www.instagram.com\/explore\/tags\/28j\/\">#28J<\/a>.  Lo m\u00e1s importante es organizarnos en\u00a0<a href=\"https:\/\/www.instagram.com\/explore\/tags\/comandosvzla\/\">#ComandosVzla<\/a>\u00a0para ganar, cobrar y celebrar el retorno a la democracia y el bienestar social.<\/p>\n\n\n\n<figure class=\"wp-block-gallery has-nested-images columns-default is-cropped wp-block-gallery-1 is-layout-flex wp-block-gallery-is-layout-flex\">\n<figure class=\"wp-block-image size-large\"><img fetchpriority=\"high\" decoding=\"async\" width=\"893\" height=\"815\" data-id=\"11144\" src=\"https:\/\/www.defiendete.org\/noticias\/wp-content\/uploads\/2024\/05\/IMG-20240518-WA0131.jpg\" alt=\"\" class=\"wp-image-11144\" srcset=\"https:\/\/www.defiendete.org\/noticias\/wp-content\/uploads\/2024\/05\/IMG-20240518-WA0131.jpg 893w, https:\/\/www.defiendete.org\/noticias\/wp-content\/uploads\/2024\/05\/IMG-20240518-WA0131-640x584.jpg 640w, https:\/\/www.defiendete.org\/noticias\/wp-content\/uploads\/2024\/05\/IMG-20240518-WA0131-768x701.jpg 768w\" sizes=\"(max-width: 893px) 100vw, 893px\" \/><\/figure>\n\n\n\n<figure class=\"wp-block-image size-large\"><img decoding=\"async\" width=\"960\" height=\"960\" data-id=\"11148\" src=\"https:\/\/www.defiendete.org\/noticias\/wp-content\/uploads\/2024\/05\/IMG-20240519-WA0027.jpg\" alt=\"\" class=\"wp-image-11148\" srcset=\"https:\/\/www.defiendete.org\/noticias\/wp-content\/uploads\/2024\/05\/IMG-20240519-WA0027.jpg 960w, https:\/\/www.defiendete.org\/noticias\/wp-content\/uploads\/2024\/05\/IMG-20240519-WA0027-640x640.jpg 640w, https:\/\/www.defiendete.org\/noticias\/wp-content\/uploads\/2024\/05\/IMG-20240519-WA0027-150x150.jpg 150w, https:\/\/www.defiendete.org\/noticias\/wp-content\/uploads\/2024\/05\/IMG-20240519-WA0027-768x768.jpg 768w\" sizes=\"(max-width: 960px) 100vw, 960px\" \/><\/figure>\n\n\n\n\n\n<figure class=\"wp-block-image size-large\"><img decoding=\"async\" width=\"540\" height=\"1080\" data-id=\"11154\" src=\"https:\/\/www.defiendete.org\/noticias\/wp-content\/uploads\/2024\/05\/IMG-20240519-WA0019.jpg\" alt=\"\" class=\"wp-image-11154\" srcset=\"https:\/\/www.defiendete.org\/noticias\/wp-content\/uploads\/2024\/05\/IMG-20240519-WA0019.jpg 540w, https:\/\/www.defiendete.org\/noticias\/wp-content\/uploads\/2024\/05\/IMG-20240519-WA0019-320x640.jpg 320w\" sizes=\"(max-width: 540px) 100vw, 540px\" \/><\/figure>\n\n\n\n<figure class=\"wp-block-image size-large\"><img loading=\"lazy\" decoding=\"async\" width=\"1000\" height=\"450\" data-id=\"11152\" src=\"https:\/\/www.defiendete.org\/noticias\/wp-content\/uploads\/2024\/05\/IMG-20240518-WA0132.jpg\" alt=\"\" class=\"wp-image-11152\" srcset=\"https:\/\/www.defiendete.org\/noticias\/wp-content\/uploads\/2024\/05\/IMG-20240518-WA0132.jpg 1000w, https:\/\/www.defiendete.org\/noticias\/wp-content\/uploads\/2024\/05\/IMG-20240518-WA0132-640x288.jpg 640w, https:\/\/www.defiendete.org\/noticias\/wp-content\/uploads\/2024\/05\/IMG-20240518-WA0132-768x346.jpg 768w\" sizes=\"(max-width: 1000px) 100vw, 1000px\" \/><\/figure>\n\n\n\n<figure class=\"wp-block-image size-large\"><img loading=\"lazy\" decoding=\"async\" width=\"1080\" height=\"1080\" data-id=\"11155\" src=\"https:\/\/www.defiendete.org\/noticias\/wp-content\/uploads\/2024\/05\/IMG-20240518-WA0129.jpg\" alt=\"\" class=\"wp-image-11155\" srcset=\"https:\/\/www.defiendete.org\/noticias\/wp-content\/uploads\/2024\/05\/IMG-20240518-WA0129.jpg 1080w, https:\/\/www.defiendete.org\/noticias\/wp-content\/uploads\/2024\/05\/IMG-20240518-WA0129-640x640.jpg 640w, https:\/\/www.defiendete.org\/noticias\/wp-content\/uploads\/2024\/05\/IMG-20240518-WA0129-150x150.jpg 150w, https:\/\/www.defiendete.org\/noticias\/wp-content\/uploads\/2024\/05\/IMG-20240518-WA0129-768x768.jpg 768w\" sizes=\"(max-width: 1080px) 100vw, 1080px\" \/><\/figure>\n\n\n\n<figure class=\"wp-block-image size-large\"><img loading=\"lazy\" decoding=\"async\" width=\"450\" height=\"1000\" data-id=\"11153\" src=\"https:\/\/www.defiendete.org\/noticias\/wp-content\/uploads\/2024\/05\/IMG-20240518-WA0136.jpg\" alt=\"\" class=\"wp-image-11153\" srcset=\"https:\/\/www.defiendete.org\/noticias\/wp-content\/uploads\/2024\/05\/IMG-20240518-WA0136.jpg 450w, https:\/\/www.defiendete.org\/noticias\/wp-content\/uploads\/2024\/05\/IMG-20240518-WA0136-288x640.jpg 288w\" sizes=\"(max-width: 450px) 100vw, 450px\" \/><\/figure>\n\n\n\n<figure class=\"wp-block-image size-large\"><img loading=\"lazy\" decoding=\"async\" width=\"1080\" height=\"485\" data-id=\"11151\" src=\"https:\/\/www.defiendete.org\/noticias\/wp-content\/uploads\/2024\/05\/IMG-20240518-WA0133.jpg\" alt=\"\" class=\"wp-image-11151\" srcset=\"https:\/\/www.defiendete.org\/noticias\/wp-content\/uploads\/2024\/05\/IMG-20240518-WA0133.jpg 1080w, https:\/\/www.defiendete.org\/noticias\/wp-content\/uploads\/2024\/05\/IMG-20240518-WA0133-640x287.jpg 640w, https:\/\/www.defiendete.org\/noticias\/wp-content\/uploads\/2024\/05\/IMG-20240518-WA0133-768x345.jpg 768w\" sizes=\"(max-width: 1080px) 100vw, 1080px\" \/><\/figure>\n\n\n\n<figure class=\"wp-block-image size-large\"><img loading=\"lazy\" decoding=\"async\" width=\"2560\" height=\"1920\" data-id=\"11156\" src=\"https:\/\/www.defiendete.org\/noticias\/wp-content\/uploads\/2024\/05\/IMG-20240518-WA0076.jpg\" alt=\"\" class=\"wp-image-11156\" srcset=\"https:\/\/www.defiendete.org\/noticias\/wp-content\/uploads\/2024\/05\/IMG-20240518-WA0076.jpg 2560w, https:\/\/www.defiendete.org\/noticias\/wp-content\/uploads\/2024\/05\/IMG-20240518-WA0076-640x480.jpg 640w, https:\/\/www.defiendete.org\/noticias\/wp-content\/uploads\/2024\/05\/IMG-20240518-WA0076-768x576.jpg 768w, https:\/\/www.defiendete.org\/noticias\/wp-content\/uploads\/2024\/05\/IMG-20240518-WA0076-1536x1152.jpg 1536w, https:\/\/www.defiendete.org\/noticias\/wp-content\/uploads\/2024\/05\/IMG-20240518-WA0076-2048x1536.jpg 2048w\" sizes=\"(max-width: 2560px) 100vw, 2560px\" \/><\/figure>\n\n\n\n<figure class=\"wp-block-image size-large\"><img loading=\"lazy\" decoding=\"async\" width=\"1280\" height=\"720\" data-id=\"11147\" src=\"https:\/\/www.defiendete.org\/noticias\/wp-content\/uploads\/2024\/05\/IMG-20240518-WA0072.jpg\" alt=\"\" class=\"wp-image-11147\" srcset=\"https:\/\/www.defiendete.org\/noticias\/wp-content\/uploads\/2024\/05\/IMG-20240518-WA0072.jpg 1280w, https:\/\/www.defiendete.org\/noticias\/wp-content\/uploads\/2024\/05\/IMG-20240518-WA0072-640x360.jpg 640w, https:\/\/www.defiendete.org\/noticias\/wp-content\/uploads\/2024\/05\/IMG-20240518-WA0072-768x432.jpg 768w\" sizes=\"(max-width: 1280px) 100vw, 1280px\" \/><\/figure>\n\n\n\n<figure class=\"wp-block-image size-large\"><img loading=\"lazy\" decoding=\"async\" width=\"1280\" height=\"960\" data-id=\"11146\" src=\"https:\/\/www.defiendete.org\/noticias\/wp-content\/uploads\/2024\/05\/IMG-20240518-WA0061.jpg\" alt=\"\" class=\"wp-image-11146\" srcset=\"https:\/\/www.defiendete.org\/noticias\/wp-content\/uploads\/2024\/05\/IMG-20240518-WA0061.jpg 1280w, https:\/\/www.defiendete.org\/noticias\/wp-content\/uploads\/2024\/05\/IMG-20240518-WA0061-640x480.jpg 640w, https:\/\/www.defiendete.org\/noticias\/wp-content\/uploads\/2024\/05\/IMG-20240518-WA0061-768x576.jpg 768w\" sizes=\"(max-width: 1280px) 100vw, 1280px\" \/><\/figure>\n<\/figure>\n","protected":false},"excerpt":{"rendered":"<p>#18May\u00a0Nuestro Coordinador Nacional Dip. Ing\u00b0. Arnoldo Ben\u00edtez C,\u00a0@arnoldobenitezcv\u00a0estuvo en La Victoria\/Aragua acompa\u00f1ando a\u00a0la lideresa de Venezuela @MariaCorinaYA\u00a0y\u00a0a nuestro Candidato Presidencial Edmundo Gonz\u00e1lez Urrutia @egonzalezurrutia\u00a0en su 1\u00b0 acto p\u00fablico. Aragua demostr\u00f3 no tener miedo al r\u00e9gimen que hizo lo imposible por torpedear el [&hellip;]<\/p>\n","protected":false},"author":2,"featured_media":11158,"comment_status":"open","ping_status":"open","sticky":false,"template":"","format":"standard","meta":{"_uag_custom_page_level_css":"","site-sidebar-layout":"default","site-content-layout":"","ast-site-content-layout":"default","site-content-style":"default","site-sidebar-style":"default","ast-global-header-display":"","ast-banner-title-visibility":"","ast-main-header-display":"","ast-hfb-above-header-display":"","ast-hfb-below-header-display":"","ast-hfb-mobile-header-display":"","site-post-title":"","ast-breadcrumbs-content":"","ast-featured-img":"","footer-sml-layout":"","theme-transparent-header-meta":"","adv-header-id-meta":"","stick-header-meta":"","header-above-stick-meta":"","header-main-stick-meta":"","header-below-stick-meta":"","astra-migrate-meta-layouts":"set","ast-page-background-enabled":"default","ast-page-background-meta":{"desktop":{"background-color":"","background-image":"","background-repeat":"repeat","background-position":"center center","background-size":"auto","background-attachment":"scroll","background-type":"","background-media":"","overlay-type":"","overlay-color":"","overlay-opacity":"","overlay-gradient":""},"tablet":{"background-color":"","background-image":"","background-repeat":"repeat","background-position":"center center","background-size":"auto","background-attachment":"scroll","background-type":"","background-media":"","overlay-type":"","overlay-color":"","overlay-opacity":"","overlay-gradient":""},"mobile":{"background-color":"","background-image":"","background-repeat":"repeat","background-position":"center center","background-size":"auto","background-attachment":"scroll","background-type":"","background-media":"","overlay-type":"","overlay-color":"","overlay-opacity":"","overlay-gradient":""}},"ast-content-background-meta":{"desktop":{"background-color":"var(--ast-global-color-5)","background-image":"","background-repeat":"repeat","background-position":"center center","background-size":"auto","background-attachment":"scroll","background-type":"","background-media":"","overlay-type":"","overlay-color":"","overlay-opacity":"","overlay-gradient":""},"tablet":{"background-color":"var(--ast-global-color-5)","background-image":"","background-repeat":"repeat","background-position":"center center","background-size":"auto","background-attachment":"scroll","background-type":"","background-media":"","overlay-type":"","overlay-color":"","overlay-opacity":"","overlay-gradient":""},"mobile":{"background-color":"var(--ast-global-color-5)","background-image":"","background-repeat":"repeat","background-position":"center center","background-size":"auto","background-attachment":"scroll","background-type":"","background-media":"","overlay-type":"","overlay-color":"","overlay-opacity":"","overlay-gradient":""}},"footnotes":""},"categories":[40],"tags":[50,76,75,77],"class_list":["post-11143","post","type-post","status-publish","format-standard","has-post-thumbnail","hentry","category-amor-por-venezuela","tag-adultos-mayores","tag-democracia","tag-libertad","tag-organizacion"],"uagb_featured_image_src":{"full":["https:\/\/www.defiendete.org\/noticias\/wp-content\/uploads\/2024\/05\/LCR-en-La-Victoria-scaled.jpg",2560,1152,false],"thumbnail":["https:\/\/www.defiendete.org\/noticias\/wp-content\/uploads\/2024\/05\/LCR-en-La-Victoria-150x150.jpg",150,150,true],"medium":["https:\/\/www.defiendete.org\/noticias\/wp-content\/uploads\/2024\/05\/LCR-en-La-Victoria-640x288.jpg",640,288,true],"medium_large":["https:\/\/www.defiendete.org\/noticias\/wp-content\/uploads\/2024\/05\/LCR-en-La-Victoria-768x346.jpg",768,346,true],"large":["https:\/\/www.defiendete.org\/noticias\/wp-content\/uploads\/2024\/05\/LCR-en-La-Victoria-scaled.jpg",2560,1152,false],"1536x1536":["https:\/\/www.defiendete.org\/noticias\/wp-content\/uploads\/2024\/05\/LCR-en-La-Victoria-1536x691.jpg",1536,691,true],"2048x2048":["https:\/\/www.defiendete.org\/noticias\/wp-content\/uploads\/2024\/05\/LCR-en-La-Victoria-2048x922.jpg",2048,922,true]},"uagb_author_info":{"display_name":"FEVACU","author_link":"https:\/\/www.defiendete.org\/noticias\/author\/fevacu\/"},"uagb_comment_info":0,"uagb_excerpt":"#18May\u00a0Nuestro Coordinador Nacional Dip. Ing\u00b0. Arnoldo Ben\u00edtez C,\u00a0@arnoldobenitezcv\u00a0estuvo en La Victoria\/Aragua acompa\u00f1ando a\u00a0la lideresa de Venezuela @MariaCorinaYA\u00a0y\u00a0a nuestro Candidato Presidencial Edmundo Gonz\u00e1lez Urrutia @egonzalezurrutia\u00a0en su 1\u00b0 acto p\u00fablico. Aragua demostr\u00f3 no tener miedo al r\u00e9gimen que hizo lo imposible por torpedear el [&hellip;]","_links":{"self":[{"href":"https:\/\/www.defiendete.org\/noticias\/wp-json\/wp\/v2\/posts\/11143","targetHints":{"allow":["GET"]}}],"collection":[{"href":"https:\/\/www.defiendete.org\/noticias\/wp-json\/wp\/v2\/posts"}],"about":[{"href":"https:\/\/www.defiendete.org\/noticias\/wp-json\/wp\/v2\/types\/post"}],"author":[{"embeddable":true,"href":"https:\/\/www.defiendete.org\/noticias\/wp-json\/wp\/v2\/users\/2"}],"replies":[{"embeddable":true,"href":"https:\/\/www.defiendete.org\/noticias\/wp-json\/wp\/v2\/comments?post=11143"}],"version-history":[{"count":1,"href":"https:\/\/www.defiendete.org\/noticias\/wp-json\/wp\/v2\/posts\/11143\/revisions"}],"predecessor-version":[{"id":11157,"href":"https:\/\/www.defiendete.org\/noticias\/wp-json\/wp\/v2\/posts\/11143\/revisions\/11157"}],"wp:featuredmedia":[{"embeddable":true,"href":"https:\/\/www.defiendete.org\/noticias\/wp-json\/wp\/v2\/media\/11158"}],"wp:attachment":[{"href":"https:\/\/www.defiendete.org\/noticias\/wp-json\/wp\/v2\/media?parent=11143"}],"wp:term":[{"taxonomy":"category","embeddable":true,"href":"https:\/\/www.defiendete.org\/noticias\/wp-json\/wp\/v2\/categories?post=11143"},{"taxonomy":"post_tag","embeddable":true,"href":"https:\/\/www.defiendete.org\/noticias\/wp-json\/wp\/v2\/tags?post=11143"}],"curies":[{"name":"wp","href":"https:\/\/api.w.org\/{rel}","templated":true}]}}