{"id":11165,"date":"2024-05-25T12:47:58","date_gmt":"2024-05-25T17:17:58","guid":{"rendered":"http:\/\/www.defiendete.org\/noticias\/?p=11165"},"modified":"2025-08-07T05:55:15","modified_gmt":"2025-08-07T10:25:15","slug":"11165-2","status":"publish","type":"post","link":"https:\/\/www.defiendete.org\/noticias\/11165-2\/","title":{"rendered":"Rueda de prensa de COPENJUVE"},"content":{"rendered":"\n<p>LA COORDINADORA DE JUBILADOS Y PENSIONADOS DE VENEZUELA \u00abCOPENJUVE\u00bb INVITA A UNA RUEDA DE PRENSA. <\/p>\n\n\n\n<p>FECHA: Lunes, 27\/5\/24     LUGAR: P.B Edificio CTV, Quebrada Honda\/Caracas.   HORA: 10:00 am<\/p>\n\n\n\n<p>MOTIVO:1. D\u00eda del Adulto Mayor que se conmemora el d\u00eda 29\/5\/242. <\/p>\n\n\n\n<p>2. Informaci\u00f3n sobre Actividad q se realizar\u00e1 en Caracas, a nivel Nacional e Internacional, en mas de 35 Pa\u00edses.<\/p>\n\n\n\n<p>AGRADECEMOS y esperamos la asistencia de los afiliados del: -COMIT\u00c9 de Defensa de los DDHH,de los Pensionados, Jubilados, Adultos Mayores y Personas con Discapacidad, -A los de la Asociaci\u00f3n de Educadores Jubilados de la Regi\u00f3n Capital -ASOCEJUPRC y alos de las -Asociaciones Afiliadas a FENAJUPV,-y todas aquellas organizaciones que siempre han luchado junto a nosotros en las acciones de calle<\/p>\n\n\n\n<figure class=\"wp-block-image size-full\"><img fetchpriority=\"high\" decoding=\"async\" width=\"720\" height=\"716\" src=\"http:\/\/www.defiendete.org\/noticias\/wp-content\/uploads\/2024\/05\/IMG-20240525-WA0004.jpg\" alt=\"\" class=\"wp-image-11166\" srcset=\"https:\/\/www.defiendete.org\/noticias\/wp-content\/uploads\/2024\/05\/IMG-20240525-WA0004.jpg 720w, https:\/\/www.defiendete.org\/noticias\/wp-content\/uploads\/2024\/05\/IMG-20240525-WA0004-640x636.jpg 640w, https:\/\/www.defiendete.org\/noticias\/wp-content\/uploads\/2024\/05\/IMG-20240525-WA0004-150x150.jpg 150w\" sizes=\"(max-width: 720px) 100vw, 720px\" \/><\/figure>\n","protected":false},"excerpt":{"rendered":"<p>LA COORDINADORA DE JUBILADOS Y PENSIONADOS DE VENEZUELA \u00abCOPENJUVE\u00bb INVITA A UNA RUEDA DE PRENSA. FECHA: Lunes, 27\/5\/24 LUGAR: P.B Edificio CTV, Quebrada Honda\/Caracas. HORA: 10:00 am MOTIVO:1. D\u00eda del Adulto Mayor que se conmemora el d\u00eda 29\/5\/242. 2. Informaci\u00f3n sobre Actividad [&hellip;]<\/p>\n","protected":false},"author":2,"featured_media":0,"comment_status":"open","ping_status":"open","sticky":false,"template":"","format":"standard","meta":{"_uag_custom_page_level_css":"","site-sidebar-layout":"default","site-content-layout":"","ast-site-content-layout":"default","site-content-style":"default","site-sidebar-style":"default","ast-global-header-display":"","ast-banner-title-visibility":"","ast-main-header-display":"","ast-hfb-above-header-display":"","ast-hfb-below-header-display":"","ast-hfb-mobile-header-display":"","site-post-title":"","ast-breadcrumbs-content":"","ast-featured-img":"","footer-sml-layout":"","theme-transparent-header-meta":"","adv-header-id-meta":"","stick-header-meta":"","header-above-stick-meta":"","header-main-stick-meta":"","header-below-stick-meta":"","astra-migrate-meta-layouts":"set","ast-page-background-enabled":"default","ast-page-background-meta":{"desktop":{"background-color":"","background-image":"","background-repeat":"repeat","background-position":"center center","background-size":"auto","background-attachment":"scroll","background-type":"","background-media":"","overlay-type":"","overlay-color":"","overlay-opacity":"","overlay-gradient":""},"tablet":{"background-color":"","background-image":"","background-repeat":"repeat","background-position":"center center","background-size":"auto","background-attachment":"scroll","background-type":"","background-media":"","overlay-type":"","overlay-color":"","overlay-opacity":"","overlay-gradient":""},"mobile":{"background-color":"","background-image":"","background-repeat":"repeat","background-position":"center center","background-size":"auto","background-attachment":"scroll","background-type":"","background-media":"","overlay-type":"","overlay-color":"","overlay-opacity":"","overlay-gradient":""}},"ast-content-background-meta":{"desktop":{"background-color":"var(--ast-global-color-5)","background-image":"","background-repeat":"repeat","background-position":"center center","background-size":"auto","background-attachment":"scroll","background-type":"","background-media":"","overlay-type":"","overlay-color":"","overlay-opacity":"","overlay-gradient":""},"tablet":{"background-color":"var(--ast-global-color-5)","background-image":"","background-repeat":"repeat","background-position":"center center","background-size":"auto","background-attachment":"scroll","background-type":"","background-media":"","overlay-type":"","overlay-color":"","overlay-opacity":"","overlay-gradient":""},"mobile":{"background-color":"var(--ast-global-color-5)","background-image":"","background-repeat":"repeat","background-position":"center center","background-size":"auto","background-attachment":"scroll","background-type":"","background-media":"","overlay-type":"","overlay-color":"","overlay-opacity":"","overlay-gradient":""}},"footnotes":""},"categories":[40],"tags":[44,65],"class_list":["post-11165","post","type-post","status-publish","format-standard","hentry","category-amor-por-venezuela","tag-derechos","tag-pensiones"],"uagb_featured_image_src":{"full":false,"thumbnail":false,"medium":false,"medium_large":false,"large":false,"1536x1536":false,"2048x2048":false},"uagb_author_info":{"display_name":"FEVACU","author_link":"https:\/\/www.defiendete.org\/noticias\/author\/fevacu\/"},"uagb_comment_info":0,"uagb_excerpt":"LA COORDINADORA DE JUBILADOS Y PENSIONADOS DE VENEZUELA \u00abCOPENJUVE\u00bb INVITA A UNA RUEDA DE PRENSA. FECHA: Lunes, 27\/5\/24 LUGAR: P.B Edificio CTV, Quebrada Honda\/Caracas. HORA: 10:00 am MOTIVO:1. D\u00eda del Adulto Mayor que se conmemora el d\u00eda 29\/5\/242. 2. Informaci\u00f3n sobre Actividad [&hellip;]","_links":{"self":[{"href":"https:\/\/www.defiendete.org\/noticias\/wp-json\/wp\/v2\/posts\/11165","targetHints":{"allow":["GET"]}}],"collection":[{"href":"https:\/\/www.defiendete.org\/noticias\/wp-json\/wp\/v2\/posts"}],"about":[{"href":"https:\/\/www.defiendete.org\/noticias\/wp-json\/wp\/v2\/types\/post"}],"author":[{"embeddable":true,"href":"https:\/\/www.defiendete.org\/noticias\/wp-json\/wp\/v2\/users\/2"}],"replies":[{"embeddable":true,"href":"https:\/\/www.defiendete.org\/noticias\/wp-json\/wp\/v2\/comments?post=11165"}],"version-history":[{"count":4,"href":"https:\/\/www.defiendete.org\/noticias\/wp-json\/wp\/v2\/posts\/11165\/revisions"}],"predecessor-version":[{"id":11330,"href":"https:\/\/www.defiendete.org\/noticias\/wp-json\/wp\/v2\/posts\/11165\/revisions\/11330"}],"wp:attachment":[{"href":"https:\/\/www.defiendete.org\/noticias\/wp-json\/wp\/v2\/media?parent=11165"}],"wp:term":[{"taxonomy":"category","embeddable":true,"href":"https:\/\/www.defiendete.org\/noticias\/wp-json\/wp\/v2\/categories?post=11165"},{"taxonomy":"post_tag","embeddable":true,"href":"https:\/\/www.defiendete.org\/noticias\/wp-json\/wp\/v2\/tags?post=11165"}],"curies":[{"name":"wp","href":"https:\/\/api.w.org\/{rel}","templated":true}]}}