{"id":11176,"date":"2024-05-28T11:35:26","date_gmt":"2024-05-28T16:05:26","guid":{"rendered":"http:\/\/www.defiendete.org\/noticias\/?p=11176"},"modified":"2024-06-05T09:06:21","modified_gmt":"2024-06-05T13:36:21","slug":"11176-2","status":"publish","type":"post","link":"https:\/\/www.defiendete.org\/noticias\/11176-2\/","title":{"rendered":"CONVOCATORIA"},"content":{"rendered":"\n<p>Los Adultos Mayores de Venezuela, en todo el mundo, est\u00e1n llamados a protestar en su d\u00eda. <\/p>\n\n\n\n<p>CONVOCATORIA:<\/p>\n\n\n\n<p>En nombre del Comit\u00e9 Ejecutivo Nacional de la Federaci\u00f3n Nacional de Jubilados y Pensionados de Venezuela FENAJUPV, los estoy invitando para que nos acompa\u00f1en ma\u00f1ana Mi\u00e9rcoles 29, a la gran concentraci\u00f3n nacional e internacional que realizaremos con motivo de conmemorarse en Venezuela, el D\u00eda del Adulto Mayor, en caracas nos vamos a concentrar en la Plaza La Moneda, Esquina de Altagracia, detr\u00e1s del Banco Central de Venezuela, a las 10.00am y\/a las 11.00am, daremos lectura a La Proclama que hemos preparado.<\/p>\n\n\n\n<p>Te esperamos.<\/p>\n\n\n\n<p>Omar V\u00e1squez Lagonel<br>Secretario General de FENAJUPV<br>\ud83c\uddfb\ud83c\uddea\ud83c\uddfb\ud83c\uddea\ud83c\uddfb\ud83c\uddea\ud83c\uddfb\ud83c\uddea\ud83c\uddfb\ud83c\uddea\ud83c\uddfb\ud83c\uddea\ud83c\uddfb\ud83c\uddea\ud83c\uddfb\ud83c\uddea\ud83c\uddfb\ud83c\uddea\ud83c\uddfb\ud83c\uddea\ud83c\uddfb\ud83c\uddea<\/p>\n\n\n\n<figure class=\"wp-block-gallery has-nested-images columns-default is-cropped wp-block-gallery-1 is-layout-flex wp-block-gallery-is-layout-flex\">\n<figure class=\"wp-block-image size-large\"><img fetchpriority=\"high\" decoding=\"async\" width=\"1000\" height=\"450\" data-id=\"11177\" src=\"http:\/\/www.defiendete.org\/noticias\/wp-content\/uploads\/2024\/05\/IMG-20240528-WA0016.jpg\" alt=\"\" class=\"wp-image-11177\" srcset=\"https:\/\/www.defiendete.org\/noticias\/wp-content\/uploads\/2024\/05\/IMG-20240528-WA0016.jpg 1000w, https:\/\/www.defiendete.org\/noticias\/wp-content\/uploads\/2024\/05\/IMG-20240528-WA0016-640x288.jpg 640w, https:\/\/www.defiendete.org\/noticias\/wp-content\/uploads\/2024\/05\/IMG-20240528-WA0016-768x346.jpg 768w\" sizes=\"(max-width: 1000px) 100vw, 1000px\" \/><\/figure>\n\n\n\n<figure class=\"wp-block-image size-large\"><img decoding=\"async\" width=\"1000\" height=\"450\" data-id=\"11178\" src=\"http:\/\/www.defiendete.org\/noticias\/wp-content\/uploads\/2024\/05\/IMG-20240528-WA0018.jpg\" alt=\"\" class=\"wp-image-11178\" srcset=\"https:\/\/www.defiendete.org\/noticias\/wp-content\/uploads\/2024\/05\/IMG-20240528-WA0018.jpg 1000w, https:\/\/www.defiendete.org\/noticias\/wp-content\/uploads\/2024\/05\/IMG-20240528-WA0018-640x288.jpg 640w, https:\/\/www.defiendete.org\/noticias\/wp-content\/uploads\/2024\/05\/IMG-20240528-WA0018-768x346.jpg 768w\" sizes=\"(max-width: 1000px) 100vw, 1000px\" \/><\/figure>\n\n\n\n<figure class=\"wp-block-image size-large\"><img decoding=\"async\" width=\"1000\" height=\"450\" data-id=\"11179\" src=\"http:\/\/www.defiendete.org\/noticias\/wp-content\/uploads\/2024\/05\/IMG-20240528-WA0017.jpg\" alt=\"\" class=\"wp-image-11179\" srcset=\"https:\/\/www.defiendete.org\/noticias\/wp-content\/uploads\/2024\/05\/IMG-20240528-WA0017.jpg 1000w, https:\/\/www.defiendete.org\/noticias\/wp-content\/uploads\/2024\/05\/IMG-20240528-WA0017-640x288.jpg 640w, https:\/\/www.defiendete.org\/noticias\/wp-content\/uploads\/2024\/05\/IMG-20240528-WA0017-768x346.jpg 768w\" sizes=\"(max-width: 1000px) 100vw, 1000px\" \/><\/figure>\n<\/figure>\n","protected":false},"excerpt":{"rendered":"<p>Los Adultos Mayores de Venezuela, en todo el mundo, est\u00e1n llamados a protestar en su d\u00eda. CONVOCATORIA: En nombre del Comit\u00e9 Ejecutivo Nacional de la Federaci\u00f3n Nacional de Jubilados y Pensionados de Venezuela FENAJUPV, los estoy invitando para que nos acompa\u00f1en ma\u00f1ana [&hellip;]<\/p>\n","protected":false},"author":2,"featured_media":11178,"comment_status":"open","ping_status":"open","sticky":false,"template":"","format":"standard","meta":{"_uag_custom_page_level_css":"","site-sidebar-layout":"default","site-content-layout":"","ast-site-content-layout":"default","site-content-style":"default","site-sidebar-style":"default","ast-global-header-display":"","ast-banner-title-visibility":"","ast-main-header-display":"","ast-hfb-above-header-display":"","ast-hfb-below-header-display":"","ast-hfb-mobile-header-display":"","site-post-title":"","ast-breadcrumbs-content":"","ast-featured-img":"disabled","footer-sml-layout":"","theme-transparent-header-meta":"","adv-header-id-meta":"","stick-header-meta":"","header-above-stick-meta":"","header-main-stick-meta":"","header-below-stick-meta":"","astra-migrate-meta-layouts":"set","ast-page-background-enabled":"default","ast-page-background-meta":{"desktop":{"background-color":"","background-image":"","background-repeat":"repeat","background-position":"center center","background-size":"auto","background-attachment":"scroll","background-type":"","background-media":"","overlay-type":"","overlay-color":"","overlay-opacity":"","overlay-gradient":""},"tablet":{"background-color":"","background-image":"","background-repeat":"repeat","background-position":"center center","background-size":"auto","background-attachment":"scroll","background-type":"","background-media":"","overlay-type":"","overlay-color":"","overlay-opacity":"","overlay-gradient":""},"mobile":{"background-color":"","background-image":"","background-repeat":"repeat","background-position":"center center","background-size":"auto","background-attachment":"scroll","background-type":"","background-media":"","overlay-type":"","overlay-color":"","overlay-opacity":"","overlay-gradient":""}},"ast-content-background-meta":{"desktop":{"background-color":"var(--ast-global-color-5)","background-image":"","background-repeat":"repeat","background-position":"center center","background-size":"auto","background-attachment":"scroll","background-type":"","background-media":"","overlay-type":"","overlay-color":"","overlay-opacity":"","overlay-gradient":""},"tablet":{"background-color":"var(--ast-global-color-5)","background-image":"","background-repeat":"repeat","background-position":"center center","background-size":"auto","background-attachment":"scroll","background-type":"","background-media":"","overlay-type":"","overlay-color":"","overlay-opacity":"","overlay-gradient":""},"mobile":{"background-color":"var(--ast-global-color-5)","background-image":"","background-repeat":"repeat","background-position":"center center","background-size":"auto","background-attachment":"scroll","background-type":"","background-media":"","overlay-type":"","overlay-color":"","overlay-opacity":"","overlay-gradient":""}},"footnotes":""},"categories":[40,1],"tags":[50,88,86,54,85],"class_list":["post-11176","post","type-post","status-publish","format-standard","has-post-thumbnail","hentry","category-amor-por-venezuela","category-general","tag-adultos-mayores","tag-derechos-constitucionales","tag-pensiones-de-vida","tag-proteccion-social","tag-vivir-dignamente"],"uagb_featured_image_src":{"full":["https:\/\/www.defiendete.org\/noticias\/wp-content\/uploads\/2024\/05\/IMG-20240528-WA0018.jpg",1000,450,false],"thumbnail":["https:\/\/www.defiendete.org\/noticias\/wp-content\/uploads\/2024\/05\/IMG-20240528-WA0018-150x150.jpg",150,150,true],"medium":["https:\/\/www.defiendete.org\/noticias\/wp-content\/uploads\/2024\/05\/IMG-20240528-WA0018-640x288.jpg",640,288,true],"medium_large":["https:\/\/www.defiendete.org\/noticias\/wp-content\/uploads\/2024\/05\/IMG-20240528-WA0018-768x346.jpg",768,346,true],"large":["https:\/\/www.defiendete.org\/noticias\/wp-content\/uploads\/2024\/05\/IMG-20240528-WA0018.jpg",1000,450,false],"1536x1536":["https:\/\/www.defiendete.org\/noticias\/wp-content\/uploads\/2024\/05\/IMG-20240528-WA0018.jpg",1000,450,false],"2048x2048":["https:\/\/www.defiendete.org\/noticias\/wp-content\/uploads\/2024\/05\/IMG-20240528-WA0018.jpg",1000,450,false]},"uagb_author_info":{"display_name":"FEVACU","author_link":"https:\/\/www.defiendete.org\/noticias\/author\/fevacu\/"},"uagb_comment_info":0,"uagb_excerpt":"Los Adultos Mayores de Venezuela, en todo el mundo, est\u00e1n llamados a protestar en su d\u00eda. CONVOCATORIA: En nombre del Comit\u00e9 Ejecutivo Nacional de la Federaci\u00f3n Nacional de Jubilados y Pensionados de Venezuela FENAJUPV, los estoy invitando para que nos acompa\u00f1en ma\u00f1ana [&hellip;]","_links":{"self":[{"href":"https:\/\/www.defiendete.org\/noticias\/wp-json\/wp\/v2\/posts\/11176","targetHints":{"allow":["GET"]}}],"collection":[{"href":"https:\/\/www.defiendete.org\/noticias\/wp-json\/wp\/v2\/posts"}],"about":[{"href":"https:\/\/www.defiendete.org\/noticias\/wp-json\/wp\/v2\/types\/post"}],"author":[{"embeddable":true,"href":"https:\/\/www.defiendete.org\/noticias\/wp-json\/wp\/v2\/users\/2"}],"replies":[{"embeddable":true,"href":"https:\/\/www.defiendete.org\/noticias\/wp-json\/wp\/v2\/comments?post=11176"}],"version-history":[{"count":3,"href":"https:\/\/www.defiendete.org\/noticias\/wp-json\/wp\/v2\/posts\/11176\/revisions"}],"predecessor-version":[{"id":11245,"href":"https:\/\/www.defiendete.org\/noticias\/wp-json\/wp\/v2\/posts\/11176\/revisions\/11245"}],"wp:featuredmedia":[{"embeddable":true,"href":"https:\/\/www.defiendete.org\/noticias\/wp-json\/wp\/v2\/media\/11178"}],"wp:attachment":[{"href":"https:\/\/www.defiendete.org\/noticias\/wp-json\/wp\/v2\/media?parent=11176"}],"wp:term":[{"taxonomy":"category","embeddable":true,"href":"https:\/\/www.defiendete.org\/noticias\/wp-json\/wp\/v2\/categories?post=11176"},{"taxonomy":"post_tag","embeddable":true,"href":"https:\/\/www.defiendete.org\/noticias\/wp-json\/wp\/v2\/tags?post=11176"}],"curies":[{"name":"wp","href":"https:\/\/api.w.org\/{rel}","templated":true}]}}