{"id":11276,"date":"2024-06-14T19:19:05","date_gmt":"2024-06-14T23:49:05","guid":{"rendered":"http:\/\/www.defiendete.org\/noticias\/?p=11276"},"modified":"2024-07-08T17:55:48","modified_gmt":"2024-07-08T22:25:48","slug":"11276-2","status":"publish","type":"post","link":"https:\/\/www.defiendete.org\/noticias\/11276-2\/","title":{"rendered":"Organizando a los Ciudadanos para la Defensa del Voto"},"content":{"rendered":"\n<p>La Organizaci\u00f3n Ciudadana para la defensa del voto el pr\u00f3ximo 28 de julio se incrementa cada d\u00eda. <\/p>\n\n\n\n<figure class=\"wp-block-image size-full\"><img fetchpriority=\"high\" decoding=\"async\" width=\"1080\" height=\"1080\" src=\"http:\/\/www.defiendete.org\/noticias\/wp-content\/uploads\/2024\/06\/IMG-20240614-WA0055.jpg\" alt=\"\" class=\"wp-image-11278\" srcset=\"https:\/\/www.defiendete.org\/noticias\/wp-content\/uploads\/2024\/06\/IMG-20240614-WA0055.jpg 1080w, https:\/\/www.defiendete.org\/noticias\/wp-content\/uploads\/2024\/06\/IMG-20240614-WA0055-640x640.jpg 640w, https:\/\/www.defiendete.org\/noticias\/wp-content\/uploads\/2024\/06\/IMG-20240614-WA0055-150x150.jpg 150w, https:\/\/www.defiendete.org\/noticias\/wp-content\/uploads\/2024\/06\/IMG-20240614-WA0055-768x768.jpg 768w\" sizes=\"(max-width: 1080px) 100vw, 1080px\" \/><\/figure>\n\n\n\n<p>14Jun Nuestro Coordinador Nacional de AMOR, Dip. Ing\u00ba. @arnoldobenitezc estuvo en la sede de CEPROARAGUA, Maracay\/Aragua, continuando con la implementaci\u00f3n del Programa de Organizaci\u00f3n Ciudadana #600K, defender el voto el pr\u00f3ximo #28Julio y lograr el cambio pol\u00edtico que nos permita la recuperaci\u00f3n del pa\u00eds. Se nota una permanente incorporaci\u00f3n de ciudadanos, dispuestos a hacer valer la voluntad ciudadana para ganar y cobrar.<\/p>\n\n\n\n<figure class=\"wp-block-image size-full\"><img decoding=\"async\" width=\"1280\" height=\"1280\" src=\"http:\/\/www.defiendete.org\/noticias\/wp-content\/uploads\/2024\/06\/IMG-20240614-WA0052-1.jpg\" alt=\"\" class=\"wp-image-11280\" srcset=\"https:\/\/www.defiendete.org\/noticias\/wp-content\/uploads\/2024\/06\/IMG-20240614-WA0052-1.jpg 1280w, https:\/\/www.defiendete.org\/noticias\/wp-content\/uploads\/2024\/06\/IMG-20240614-WA0052-1-640x640.jpg 640w, https:\/\/www.defiendete.org\/noticias\/wp-content\/uploads\/2024\/06\/IMG-20240614-WA0052-1-150x150.jpg 150w, https:\/\/www.defiendete.org\/noticias\/wp-content\/uploads\/2024\/06\/IMG-20240614-WA0052-1-768x768.jpg 768w\" sizes=\"(max-width: 1280px) 100vw, 1280px\" \/><\/figure>\n","protected":false},"excerpt":{"rendered":"<p>La Organizaci\u00f3n Ciudadana para la defensa del voto el pr\u00f3ximo 28 de julio se incrementa cada d\u00eda. 14Jun Nuestro Coordinador Nacional de AMOR, Dip. Ing\u00ba. @arnoldobenitezc estuvo en la sede de CEPROARAGUA, Maracay\/Aragua, continuando con la implementaci\u00f3n del Programa de Organizaci\u00f3n Ciudadana [&hellip;]<\/p>\n","protected":false},"author":2,"featured_media":11273,"comment_status":"open","ping_status":"open","sticky":false,"template":"","format":"standard","meta":{"_uag_custom_page_level_css":"","site-sidebar-layout":"default","site-content-layout":"","ast-site-content-layout":"default","site-content-style":"default","site-sidebar-style":"default","ast-global-header-display":"","ast-banner-title-visibility":"","ast-main-header-display":"","ast-hfb-above-header-display":"","ast-hfb-below-header-display":"","ast-hfb-mobile-header-display":"","site-post-title":"","ast-breadcrumbs-content":"","ast-featured-img":"","footer-sml-layout":"","theme-transparent-header-meta":"","adv-header-id-meta":"","stick-header-meta":"","header-above-stick-meta":"","header-main-stick-meta":"","header-below-stick-meta":"","astra-migrate-meta-layouts":"set","ast-page-background-enabled":"default","ast-page-background-meta":{"desktop":{"background-color":"","background-image":"","background-repeat":"repeat","background-position":"center center","background-size":"auto","background-attachment":"scroll","background-type":"","background-media":"","overlay-type":"","overlay-color":"","overlay-opacity":"","overlay-gradient":""},"tablet":{"background-color":"","background-image":"","background-repeat":"repeat","background-position":"center center","background-size":"auto","background-attachment":"scroll","background-type":"","background-media":"","overlay-type":"","overlay-color":"","overlay-opacity":"","overlay-gradient":""},"mobile":{"background-color":"","background-image":"","background-repeat":"repeat","background-position":"center center","background-size":"auto","background-attachment":"scroll","background-type":"","background-media":"","overlay-type":"","overlay-color":"","overlay-opacity":"","overlay-gradient":""}},"ast-content-background-meta":{"desktop":{"background-color":"var(--ast-global-color-5)","background-image":"","background-repeat":"repeat","background-position":"center center","background-size":"auto","background-attachment":"scroll","background-type":"","background-media":"","overlay-type":"","overlay-color":"","overlay-opacity":"","overlay-gradient":""},"tablet":{"background-color":"var(--ast-global-color-5)","background-image":"","background-repeat":"repeat","background-position":"center center","background-size":"auto","background-attachment":"scroll","background-type":"","background-media":"","overlay-type":"","overlay-color":"","overlay-opacity":"","overlay-gradient":""},"mobile":{"background-color":"var(--ast-global-color-5)","background-image":"","background-repeat":"repeat","background-position":"center center","background-size":"auto","background-attachment":"scroll","background-type":"","background-media":"","overlay-type":"","overlay-color":"","overlay-opacity":"","overlay-gradient":""}},"footnotes":""},"categories":[1],"tags":[50,88,47,95,46],"class_list":["post-11276","post","type-post","status-publish","format-standard","has-post-thumbnail","hentry","category-general","tag-adultos-mayores","tag-derechos-constitucionales","tag-jubilados","tag-organizacion-ciudadana","tag-pensionados"],"uagb_featured_image_src":{"full":["https:\/\/www.defiendete.org\/noticias\/wp-content\/uploads\/2024\/06\/InShot_20240613_145120049.jpg",1920,1920,false],"thumbnail":["https:\/\/www.defiendete.org\/noticias\/wp-content\/uploads\/2024\/06\/InShot_20240613_145120049-150x150.jpg",150,150,true],"medium":["https:\/\/www.defiendete.org\/noticias\/wp-content\/uploads\/2024\/06\/InShot_20240613_145120049-640x640.jpg",640,640,true],"medium_large":["https:\/\/www.defiendete.org\/noticias\/wp-content\/uploads\/2024\/06\/InShot_20240613_145120049-768x768.jpg",768,768,true],"large":["https:\/\/www.defiendete.org\/noticias\/wp-content\/uploads\/2024\/06\/InShot_20240613_145120049.jpg",1920,1920,false],"1536x1536":["https:\/\/www.defiendete.org\/noticias\/wp-content\/uploads\/2024\/06\/InShot_20240613_145120049-1536x1536.jpg",1536,1536,true],"2048x2048":["https:\/\/www.defiendete.org\/noticias\/wp-content\/uploads\/2024\/06\/InShot_20240613_145120049.jpg",1920,1920,false]},"uagb_author_info":{"display_name":"FEVACU","author_link":"https:\/\/www.defiendete.org\/noticias\/author\/fevacu\/"},"uagb_comment_info":0,"uagb_excerpt":"La Organizaci\u00f3n Ciudadana para la defensa del voto el pr\u00f3ximo 28 de julio se incrementa cada d\u00eda. 14Jun Nuestro Coordinador Nacional de AMOR, Dip. Ing\u00ba. @arnoldobenitezc estuvo en la sede de CEPROARAGUA, Maracay\/Aragua, continuando con la implementaci\u00f3n del Programa de Organizaci\u00f3n Ciudadana [&hellip;]","_links":{"self":[{"href":"https:\/\/www.defiendete.org\/noticias\/wp-json\/wp\/v2\/posts\/11276","targetHints":{"allow":["GET"]}}],"collection":[{"href":"https:\/\/www.defiendete.org\/noticias\/wp-json\/wp\/v2\/posts"}],"about":[{"href":"https:\/\/www.defiendete.org\/noticias\/wp-json\/wp\/v2\/types\/post"}],"author":[{"embeddable":true,"href":"https:\/\/www.defiendete.org\/noticias\/wp-json\/wp\/v2\/users\/2"}],"replies":[{"embeddable":true,"href":"https:\/\/www.defiendete.org\/noticias\/wp-json\/wp\/v2\/comments?post=11276"}],"version-history":[{"count":2,"href":"https:\/\/www.defiendete.org\/noticias\/wp-json\/wp\/v2\/posts\/11276\/revisions"}],"predecessor-version":[{"id":11326,"href":"https:\/\/www.defiendete.org\/noticias\/wp-json\/wp\/v2\/posts\/11276\/revisions\/11326"}],"wp:featuredmedia":[{"embeddable":true,"href":"https:\/\/www.defiendete.org\/noticias\/wp-json\/wp\/v2\/media\/11273"}],"wp:attachment":[{"href":"https:\/\/www.defiendete.org\/noticias\/wp-json\/wp\/v2\/media?parent=11276"}],"wp:term":[{"taxonomy":"category","embeddable":true,"href":"https:\/\/www.defiendete.org\/noticias\/wp-json\/wp\/v2\/categories?post=11276"},{"taxonomy":"post_tag","embeddable":true,"href":"https:\/\/www.defiendete.org\/noticias\/wp-json\/wp\/v2\/tags?post=11276"}],"curies":[{"name":"wp","href":"https:\/\/api.w.org\/{rel}","templated":true}]}}