{"id":11290,"date":"2024-06-21T18:03:41","date_gmt":"2024-06-21T22:33:41","guid":{"rendered":"https:\/\/www.defiendete.org\/noticias\/?p=11290"},"modified":"2024-06-23T22:11:47","modified_gmt":"2024-06-24T02:41:47","slug":"11290-2","status":"publish","type":"post","link":"https:\/\/www.defiendete.org\/noticias\/11290-2\/","title":{"rendered":"Cagua se volc\u00f3 a la calle por Maria Corina"},"content":{"rendered":"\n<p>20 de junio 2024. Cagua se volc\u00f3 a la Carretera Nacional a saludar a Maria Corina Machado en su recorrido hacia Cojedes.<\/p>\n\n\n\n<p>20Jun Nuestro Coordinador Nacional de AMOR, Diputado Ing\u00ba. Arnoldo Benitez C, @arnoldobenitezc estuvo en Cagua, Sucre, Aragua en un volanteo indicando a los vecinos como votar por @EdmundoGU Gonz\u00e1lez, el pr\u00f3ximo #28Jul. Luego estuvieron en la Carretera Nacional esperando saludar a nuestra l\u00edder, @MariaCorinaYA en su paso por Cagua. Fue in acontecimiento vibrante de emotividad, desde las 4 pm y hasta avanzada la noche, a eso de las 10 pm lleg\u00f3 nuestra l\u00edder, rodeada del pueblo arag\u00fce\u00f1o. #VamosAGanarConEdmundo Edmundo Gonz\u00e1lez Urrutia, nuestro Candidato a Presidente tiene el respaldo pleno de los seguidores de @MariaCorinaYA <\/p>\n\n\n\n<div class=\"wp-block-uagb-image uagb-block-6619d3d2 wp-block-uagb-image--layout-default wp-block-uagb-image--effect-static wp-block-uagb-image--align-none\"><figure class=\"wp-block-uagb-image__figure\"><img loading=\"lazy\" decoding=\"async\" srcset=\"https:\/\/www.defiendete.org\/noticias\/wp-content\/uploads\/2024\/06\/IMG_20240621_174844.jpg ,https:\/\/www.defiendete.org\/noticias\/wp-content\/uploads\/2024\/06\/IMG_20240621_174844.jpg 780w, https:\/\/www.defiendete.org\/noticias\/wp-content\/uploads\/2024\/06\/IMG_20240621_174844.jpg 360w\" sizes=\"auto, (max-width: 480px) 150px\" src=\"https:\/\/www.defiendete.org\/noticias\/wp-content\/uploads\/2024\/06\/IMG_20240621_174844.jpg\" alt=\"\" class=\"uag-image-11291\" width=\"1080\" height=\"1098\" title=\"IMG_20240621_174844\" loading=\"lazy\" role=\"img\"\/><\/figure><\/div>\n\n\n\n<div class=\"wp-block-uagb-image uagb-block-dbaee835 wp-block-uagb-image--layout-default wp-block-uagb-image--effect-static wp-block-uagb-image--align-none\"><figure class=\"wp-block-uagb-image__figure\"><img loading=\"lazy\" decoding=\"async\" srcset=\"https:\/\/www.defiendete.org\/noticias\/wp-content\/uploads\/2024\/06\/IMG_vcfe96.jpg ,https:\/\/www.defiendete.org\/noticias\/wp-content\/uploads\/2024\/06\/IMG_vcfe96.jpg 780w, https:\/\/www.defiendete.org\/noticias\/wp-content\/uploads\/2024\/06\/IMG_vcfe96.jpg 360w\" sizes=\"auto, (max-width: 480px) 150px\" src=\"https:\/\/www.defiendete.org\/noticias\/wp-content\/uploads\/2024\/06\/IMG_vcfe96.jpg\" alt=\"\" class=\"uag-image-11292\" width=\"1019\" height=\"687\" title=\"IMG_vcfe96\" loading=\"lazy\" role=\"img\"\/><\/figure><\/div>\n\n\n\n<div class=\"wp-block-uagb-image uagb-block-fe3a6a92 wp-block-uagb-image--layout-default wp-block-uagb-image--effect-static wp-block-uagb-image--align-none\"><figure class=\"wp-block-uagb-image__figure\"><img loading=\"lazy\" decoding=\"async\" srcset=\"https:\/\/www.defiendete.org\/noticias\/wp-content\/uploads\/2024\/06\/IMG_20240621_092527.jpg ,https:\/\/www.defiendete.org\/noticias\/wp-content\/uploads\/2024\/06\/IMG_20240621_092527.jpg 780w, https:\/\/www.defiendete.org\/noticias\/wp-content\/uploads\/2024\/06\/IMG_20240621_092527.jpg 360w\" sizes=\"auto, (max-width: 480px) 150px\" src=\"https:\/\/www.defiendete.org\/noticias\/wp-content\/uploads\/2024\/06\/IMG_20240621_092527.jpg\" alt=\"\" class=\"uag-image-11293\" width=\"1080\" height=\"1165\" title=\"IMG_20240621_092527\" loading=\"lazy\" role=\"img\"\/><\/figure><\/div>\n\n\n\n<div class=\"wp-block-uagb-image uagb-block-0c110e4d wp-block-uagb-image--layout-default wp-block-uagb-image--effect-static wp-block-uagb-image--align-none\"><figure class=\"wp-block-uagb-image__figure\"><img loading=\"lazy\" decoding=\"async\" srcset=\"https:\/\/www.defiendete.org\/noticias\/wp-content\/uploads\/2024\/06\/IMG-20240621-WA0078.jpg ,https:\/\/www.defiendete.org\/noticias\/wp-content\/uploads\/2024\/06\/IMG-20240621-WA0078.jpg 780w, https:\/\/www.defiendete.org\/noticias\/wp-content\/uploads\/2024\/06\/IMG-20240621-WA0078.jpg 360w\" sizes=\"auto, (max-width: 480px) 150px\" src=\"https:\/\/www.defiendete.org\/noticias\/wp-content\/uploads\/2024\/06\/IMG-20240621-WA0078.jpg\" alt=\"\" class=\"uag-image-11294\" width=\"1024\" height=\"1024\" title=\"IMG-20240621-WA0078\" loading=\"lazy\" role=\"img\"\/><\/figure><\/div>\n","protected":false},"excerpt":{"rendered":"<p>20 de junio 2024. Cagua se volc\u00f3 a la Carretera Nacional a saludar a Maria Corina Machado en su recorrido hacia Cojedes. 20Jun Nuestro Coordinador Nacional de AMOR, Diputado Ing\u00ba. Arnoldo Benitez C, @arnoldobenitezc estuvo en Cagua, Sucre, Aragua en un volanteo [&hellip;]<\/p>\n","protected":false},"author":2,"featured_media":11300,"comment_status":"open","ping_status":"open","sticky":false,"template":"","format":"standard","meta":{"_uag_custom_page_level_css":"","site-sidebar-layout":"default","site-content-layout":"","ast-site-content-layout":"default","site-content-style":"default","site-sidebar-style":"default","ast-global-header-display":"","ast-banner-title-visibility":"","ast-main-header-display":"","ast-hfb-above-header-display":"","ast-hfb-below-header-display":"","ast-hfb-mobile-header-display":"","site-post-title":"","ast-breadcrumbs-content":"","ast-featured-img":"","footer-sml-layout":"","theme-transparent-header-meta":"","adv-header-id-meta":"","stick-header-meta":"","header-above-stick-meta":"","header-main-stick-meta":"","header-below-stick-meta":"","astra-migrate-meta-layouts":"set","ast-page-background-enabled":"default","ast-page-background-meta":{"desktop":{"background-color":"","background-image":"","background-repeat":"repeat","background-position":"center center","background-size":"auto","background-attachment":"scroll","background-type":"","background-media":"","overlay-type":"","overlay-color":"","overlay-opacity":"","overlay-gradient":""},"tablet":{"background-color":"","background-image":"","background-repeat":"repeat","background-position":"center center","background-size":"auto","background-attachment":"scroll","background-type":"","background-media":"","overlay-type":"","overlay-color":"","overlay-opacity":"","overlay-gradient":""},"mobile":{"background-color":"","background-image":"","background-repeat":"repeat","background-position":"center center","background-size":"auto","background-attachment":"scroll","background-type":"","background-media":"","overlay-type":"","overlay-color":"","overlay-opacity":"","overlay-gradient":""}},"ast-content-background-meta":{"desktop":{"background-color":"var(--ast-global-color-5)","background-image":"","background-repeat":"repeat","background-position":"center center","background-size":"auto","background-attachment":"scroll","background-type":"","background-media":"","overlay-type":"","overlay-color":"","overlay-opacity":"","overlay-gradient":""},"tablet":{"background-color":"var(--ast-global-color-5)","background-image":"","background-repeat":"repeat","background-position":"center center","background-size":"auto","background-attachment":"scroll","background-type":"","background-media":"","overlay-type":"","overlay-color":"","overlay-opacity":"","overlay-gradient":""},"mobile":{"background-color":"var(--ast-global-color-5)","background-image":"","background-repeat":"repeat","background-position":"center center","background-size":"auto","background-attachment":"scroll","background-type":"","background-media":"","overlay-type":"","overlay-color":"","overlay-opacity":"","overlay-gradient":""}},"footnotes":""},"categories":[1,42],"tags":[94,72,96],"class_list":["post-11290","post","type-post","status-publish","format-standard","has-post-thumbnail","hentry","category-general","category-hasta-el-final","tag-derecho-constitucional","tag-elecciones-presidenciales","tag-libertad-politica"],"uagb_featured_image_src":{"full":["https:\/\/www.defiendete.org\/noticias\/wp-content\/uploads\/2024\/06\/unnamed.jpg",1024,576,false],"thumbnail":["https:\/\/www.defiendete.org\/noticias\/wp-content\/uploads\/2024\/06\/unnamed-150x150.jpg",150,150,true],"medium":["https:\/\/www.defiendete.org\/noticias\/wp-content\/uploads\/2024\/06\/unnamed-640x360.jpg",640,360,true],"medium_large":["https:\/\/www.defiendete.org\/noticias\/wp-content\/uploads\/2024\/06\/unnamed-768x432.jpg",768,432,true],"large":["https:\/\/www.defiendete.org\/noticias\/wp-content\/uploads\/2024\/06\/unnamed.jpg",1024,576,false],"1536x1536":["https:\/\/www.defiendete.org\/noticias\/wp-content\/uploads\/2024\/06\/unnamed.jpg",1024,576,false],"2048x2048":["https:\/\/www.defiendete.org\/noticias\/wp-content\/uploads\/2024\/06\/unnamed.jpg",1024,576,false]},"uagb_author_info":{"display_name":"FEVACU","author_link":"https:\/\/www.defiendete.org\/noticias\/author\/fevacu\/"},"uagb_comment_info":12,"uagb_excerpt":"20 de junio 2024. Cagua se volc\u00f3 a la Carretera Nacional a saludar a Maria Corina Machado en su recorrido hacia Cojedes. 20Jun Nuestro Coordinador Nacional de AMOR, Diputado Ing\u00ba. Arnoldo Benitez C, @arnoldobenitezc estuvo en Cagua, Sucre, Aragua en un volanteo [&hellip;]","_links":{"self":[{"href":"https:\/\/www.defiendete.org\/noticias\/wp-json\/wp\/v2\/posts\/11290","targetHints":{"allow":["GET"]}}],"collection":[{"href":"https:\/\/www.defiendete.org\/noticias\/wp-json\/wp\/v2\/posts"}],"about":[{"href":"https:\/\/www.defiendete.org\/noticias\/wp-json\/wp\/v2\/types\/post"}],"author":[{"embeddable":true,"href":"https:\/\/www.defiendete.org\/noticias\/wp-json\/wp\/v2\/users\/2"}],"replies":[{"embeddable":true,"href":"https:\/\/www.defiendete.org\/noticias\/wp-json\/wp\/v2\/comments?post=11290"}],"version-history":[{"count":3,"href":"https:\/\/www.defiendete.org\/noticias\/wp-json\/wp\/v2\/posts\/11290\/revisions"}],"predecessor-version":[{"id":11297,"href":"https:\/\/www.defiendete.org\/noticias\/wp-json\/wp\/v2\/posts\/11290\/revisions\/11297"}],"wp:featuredmedia":[{"embeddable":true,"href":"https:\/\/www.defiendete.org\/noticias\/wp-json\/wp\/v2\/media\/11300"}],"wp:attachment":[{"href":"https:\/\/www.defiendete.org\/noticias\/wp-json\/wp\/v2\/media?parent=11290"}],"wp:term":[{"taxonomy":"category","embeddable":true,"href":"https:\/\/www.defiendete.org\/noticias\/wp-json\/wp\/v2\/categories?post=11290"},{"taxonomy":"post_tag","embeddable":true,"href":"https:\/\/www.defiendete.org\/noticias\/wp-json\/wp\/v2\/tags?post=11290"}],"curies":[{"name":"wp","href":"https:\/\/api.w.org\/{rel}","templated":true}]}}