{"id":11335,"date":"2024-07-08T19:54:03","date_gmt":"2024-07-09T00:24:03","guid":{"rendered":"https:\/\/www.defiendete.org\/noticias\/?p=11335"},"modified":"2024-08-26T13:36:16","modified_gmt":"2024-08-26T18:06:16","slug":"11335-2","status":"publish","type":"post","link":"https:\/\/www.defiendete.org\/noticias\/11335-2\/","title":{"rendered":""},"content":{"rendered":"\n<p>Ma\u00f1ana vamos al Encuentro con nuestro pr\u00f3ximo Presidente Edmundo Gonz\u00e1lez Urrutia. <\/p>\n\n\n\n<p>Hoy 08Jul, nuestro Coordinador Nacional de AMOR Dip. Ing\u00ba. Arnoldo Benitez C, estuvo en la sede de la CTV, Caracas, junto a dirigentes del sector, finiquitando los detalles del encuentro de nuestro candidato <em>EDMUNDO GONZ\u00c1LEZ<\/em> con los Adultos Mayores, que se realizar\u00e1 ma\u00f1ana m7777artes 09Jul a las 2 pm en el auditorio Azul de <em>FACES-UCV<\/em> d\u00f3nde plantear\u00e1 sus propuestas dirigidas a mejorar la calidad de vida de nuestro sector de los Adultos Mayores. <\/p>\n\n\n\n<figure class=\"wp-block-gallery has-nested-images columns-default is-cropped wp-block-gallery-1 is-layout-flex wp-block-gallery-is-layout-flex\">\n<figure class=\"wp-block-image size-large\"><img fetchpriority=\"high\" decoding=\"async\" width=\"1024\" height=\"461\" data-id=\"11336\" src=\"https:\/\/www.defiendete.org\/noticias\/wp-content\/uploads\/2024\/07\/IMG-20240708-WA0089.jpg\" alt=\"\" class=\"wp-image-11336\" srcset=\"https:\/\/www.defiendete.org\/noticias\/wp-content\/uploads\/2024\/07\/IMG-20240708-WA0089.jpg 1024w, https:\/\/www.defiendete.org\/noticias\/wp-content\/uploads\/2024\/07\/IMG-20240708-WA0089-640x288.jpg 640w, https:\/\/www.defiendete.org\/noticias\/wp-content\/uploads\/2024\/07\/IMG-20240708-WA0089-768x346.jpg 768w\" sizes=\"(max-width: 1024px) 100vw, 1024px\" \/><\/figure>\n\n\n\n<figure class=\"wp-block-image size-large\"><img decoding=\"async\" width=\"1024\" height=\"461\" data-id=\"11337\" src=\"https:\/\/www.defiendete.org\/noticias\/wp-content\/uploads\/2024\/07\/IMG-20240708-WA0090.jpg\" alt=\"\" class=\"wp-image-11337\" srcset=\"https:\/\/www.defiendete.org\/noticias\/wp-content\/uploads\/2024\/07\/IMG-20240708-WA0090.jpg 1024w, https:\/\/www.defiendete.org\/noticias\/wp-content\/uploads\/2024\/07\/IMG-20240708-WA0090-640x288.jpg 640w, https:\/\/www.defiendete.org\/noticias\/wp-content\/uploads\/2024\/07\/IMG-20240708-WA0090-768x346.jpg 768w\" sizes=\"(max-width: 1024px) 100vw, 1024px\" \/><\/figure>\n\n\n\n<figure class=\"wp-block-image size-large\"><img decoding=\"async\" width=\"1024\" height=\"461\" data-id=\"11338\" src=\"https:\/\/www.defiendete.org\/noticias\/wp-content\/uploads\/2024\/07\/IMG-20240708-WA0091.jpg\" alt=\"\" class=\"wp-image-11338\" srcset=\"https:\/\/www.defiendete.org\/noticias\/wp-content\/uploads\/2024\/07\/IMG-20240708-WA0091.jpg 1024w, https:\/\/www.defiendete.org\/noticias\/wp-content\/uploads\/2024\/07\/IMG-20240708-WA0091-640x288.jpg 640w, https:\/\/www.defiendete.org\/noticias\/wp-content\/uploads\/2024\/07\/IMG-20240708-WA0091-768x346.jpg 768w\" sizes=\"(max-width: 1024px) 100vw, 1024px\" \/><\/figure>\n\n\n\n<figure class=\"wp-block-image size-large\"><img loading=\"lazy\" decoding=\"async\" width=\"1020\" height=\"459\" data-id=\"11339\" src=\"https:\/\/www.defiendete.org\/noticias\/wp-content\/uploads\/2024\/07\/IMG-20240708-WA0092.jpg\" alt=\"\" class=\"wp-image-11339\" srcset=\"https:\/\/www.defiendete.org\/noticias\/wp-content\/uploads\/2024\/07\/IMG-20240708-WA0092.jpg 1020w, https:\/\/www.defiendete.org\/noticias\/wp-content\/uploads\/2024\/07\/IMG-20240708-WA0092-640x288.jpg 640w, https:\/\/www.defiendete.org\/noticias\/wp-content\/uploads\/2024\/07\/IMG-20240708-WA0092-768x346.jpg 768w\" sizes=\"(max-width: 1020px) 100vw, 1020px\" \/><\/figure>\n\n\n\n<figure class=\"wp-block-image size-large\"><img loading=\"lazy\" decoding=\"async\" width=\"1024\" height=\"461\" data-id=\"11340\" src=\"https:\/\/www.defiendete.org\/noticias\/wp-content\/uploads\/2024\/07\/IMG-20240708-WA0088.jpg\" alt=\"\" class=\"wp-image-11340\" srcset=\"https:\/\/www.defiendete.org\/noticias\/wp-content\/uploads\/2024\/07\/IMG-20240708-WA0088.jpg 1024w, https:\/\/www.defiendete.org\/noticias\/wp-content\/uploads\/2024\/07\/IMG-20240708-WA0088-640x288.jpg 640w, https:\/\/www.defiendete.org\/noticias\/wp-content\/uploads\/2024\/07\/IMG-20240708-WA0088-768x346.jpg 768w\" sizes=\"(max-width: 1024px) 100vw, 1024px\" \/><\/figure>\n<\/figure>\n","protected":false},"excerpt":{"rendered":"<p>Ma\u00f1ana vamos al Encuentro con nuestro pr\u00f3ximo Presidente Edmundo Gonz\u00e1lez Urrutia. Hoy 08Jul, nuestro Coordinador Nacional de AMOR Dip. Ing\u00ba. Arnoldo Benitez C, estuvo en la sede de la CTV, Caracas, junto a dirigentes del sector, finiquitando los detalles del encuentro de [&hellip;]<\/p>\n","protected":false},"author":2,"featured_media":11338,"comment_status":"open","ping_status":"open","sticky":false,"template":"","format":"standard","meta":{"_uag_custom_page_level_css":"","site-sidebar-layout":"default","site-content-layout":"","ast-site-content-layout":"default","site-content-style":"default","site-sidebar-style":"default","ast-global-header-display":"","ast-banner-title-visibility":"","ast-main-header-display":"","ast-hfb-above-header-display":"","ast-hfb-below-header-display":"","ast-hfb-mobile-header-display":"","site-post-title":"","ast-breadcrumbs-content":"","ast-featured-img":"","footer-sml-layout":"","theme-transparent-header-meta":"","adv-header-id-meta":"","stick-header-meta":"","header-above-stick-meta":"","header-main-stick-meta":"","header-below-stick-meta":"","astra-migrate-meta-layouts":"set","ast-page-background-enabled":"default","ast-page-background-meta":{"desktop":{"background-color":"","background-image":"","background-repeat":"repeat","background-position":"center center","background-size":"auto","background-attachment":"scroll","background-type":"","background-media":"","overlay-type":"","overlay-color":"","overlay-opacity":"","overlay-gradient":""},"tablet":{"background-color":"","background-image":"","background-repeat":"repeat","background-position":"center center","background-size":"auto","background-attachment":"scroll","background-type":"","background-media":"","overlay-type":"","overlay-color":"","overlay-opacity":"","overlay-gradient":""},"mobile":{"background-color":"","background-image":"","background-repeat":"repeat","background-position":"center center","background-size":"auto","background-attachment":"scroll","background-type":"","background-media":"","overlay-type":"","overlay-color":"","overlay-opacity":"","overlay-gradient":""}},"ast-content-background-meta":{"desktop":{"background-color":"var(--ast-global-color-5)","background-image":"","background-repeat":"repeat","background-position":"center center","background-size":"auto","background-attachment":"scroll","background-type":"","background-media":"","overlay-type":"","overlay-color":"","overlay-opacity":"","overlay-gradient":""},"tablet":{"background-color":"var(--ast-global-color-5)","background-image":"","background-repeat":"repeat","background-position":"center center","background-size":"auto","background-attachment":"scroll","background-type":"","background-media":"","overlay-type":"","overlay-color":"","overlay-opacity":"","overlay-gradient":""},"mobile":{"background-color":"var(--ast-global-color-5)","background-image":"","background-repeat":"repeat","background-position":"center center","background-size":"auto","background-attachment":"scroll","background-type":"","background-media":"","overlay-type":"","overlay-color":"","overlay-opacity":"","overlay-gradient":""}},"footnotes":""},"categories":[40,1,42],"tags":[88,91,100,84],"class_list":["post-11335","post","type-post","status-publish","format-standard","has-post-thumbnail","hentry","category-amor-por-venezuela","category-general","category-hasta-el-final","tag-derechos-constitucionales","tag-derechos-humanos","tag-pensiones-dignas","tag-seguridad-social"],"uagb_featured_image_src":{"full":["https:\/\/www.defiendete.org\/noticias\/wp-content\/uploads\/2024\/07\/IMG-20240708-WA0091.jpg",1024,461,false],"thumbnail":["https:\/\/www.defiendete.org\/noticias\/wp-content\/uploads\/2024\/07\/IMG-20240708-WA0091-150x150.jpg",150,150,true],"medium":["https:\/\/www.defiendete.org\/noticias\/wp-content\/uploads\/2024\/07\/IMG-20240708-WA0091-640x288.jpg",640,288,true],"medium_large":["https:\/\/www.defiendete.org\/noticias\/wp-content\/uploads\/2024\/07\/IMG-20240708-WA0091-768x346.jpg",768,346,true],"large":["https:\/\/www.defiendete.org\/noticias\/wp-content\/uploads\/2024\/07\/IMG-20240708-WA0091.jpg",1024,461,false],"1536x1536":["https:\/\/www.defiendete.org\/noticias\/wp-content\/uploads\/2024\/07\/IMG-20240708-WA0091.jpg",1024,461,false],"2048x2048":["https:\/\/www.defiendete.org\/noticias\/wp-content\/uploads\/2024\/07\/IMG-20240708-WA0091.jpg",1024,461,false]},"uagb_author_info":{"display_name":"FEVACU","author_link":"https:\/\/www.defiendete.org\/noticias\/author\/fevacu\/"},"uagb_comment_info":0,"uagb_excerpt":"Ma\u00f1ana vamos al Encuentro con nuestro pr\u00f3ximo Presidente Edmundo Gonz\u00e1lez Urrutia. Hoy 08Jul, nuestro Coordinador Nacional de AMOR Dip. Ing\u00ba. Arnoldo Benitez C, estuvo en la sede de la CTV, Caracas, junto a dirigentes del sector, finiquitando los detalles del encuentro de [&hellip;]","_links":{"self":[{"href":"https:\/\/www.defiendete.org\/noticias\/wp-json\/wp\/v2\/posts\/11335","targetHints":{"allow":["GET"]}}],"collection":[{"href":"https:\/\/www.defiendete.org\/noticias\/wp-json\/wp\/v2\/posts"}],"about":[{"href":"https:\/\/www.defiendete.org\/noticias\/wp-json\/wp\/v2\/types\/post"}],"author":[{"embeddable":true,"href":"https:\/\/www.defiendete.org\/noticias\/wp-json\/wp\/v2\/users\/2"}],"replies":[{"embeddable":true,"href":"https:\/\/www.defiendete.org\/noticias\/wp-json\/wp\/v2\/comments?post=11335"}],"version-history":[{"count":1,"href":"https:\/\/www.defiendete.org\/noticias\/wp-json\/wp\/v2\/posts\/11335\/revisions"}],"predecessor-version":[{"id":11341,"href":"https:\/\/www.defiendete.org\/noticias\/wp-json\/wp\/v2\/posts\/11335\/revisions\/11341"}],"wp:featuredmedia":[{"embeddable":true,"href":"https:\/\/www.defiendete.org\/noticias\/wp-json\/wp\/v2\/media\/11338"}],"wp:attachment":[{"href":"https:\/\/www.defiendete.org\/noticias\/wp-json\/wp\/v2\/media?parent=11335"}],"wp:term":[{"taxonomy":"category","embeddable":true,"href":"https:\/\/www.defiendete.org\/noticias\/wp-json\/wp\/v2\/categories?post=11335"},{"taxonomy":"post_tag","embeddable":true,"href":"https:\/\/www.defiendete.org\/noticias\/wp-json\/wp\/v2\/tags?post=11335"}],"curies":[{"name":"wp","href":"https:\/\/api.w.org\/{rel}","templated":true}]}}