{"id":11376,"date":"2024-08-18T20:43:19","date_gmt":"2024-08-19T01:13:19","guid":{"rendered":"https:\/\/www.defiendete.org\/noticias\/?p=11376"},"modified":"2024-08-26T13:26:52","modified_gmt":"2024-08-26T17:56:52","slug":"11376-2","status":"publish","type":"post","link":"https:\/\/www.defiendete.org\/noticias\/11376-2\/","title":{"rendered":"Pa la calle Acta en mano"},"content":{"rendered":"\n<p>17Agosto Protesta Mundial por la Verdad <\/p>\n\n\n\n<p>Im\u00e1genes del #17Ago en Caracas, cuando el pueblo sali\u00f3 a respaldar a nuestro Presidente Electo Edmundo Gonz\u00e1lez Urrutia y a rechazar de manera contundente, el golpe electoral a la CNRBV.<br>La soberan\u00eda reside en el pueblo y \u00e9ste se expres\u00f3 con voz fuerte y n\u00edtida en las urnas, votando masivamente por la recuperaci\u00f3n democr\u00e1tica con Edmundo para todo el mundo.<br>Esta jornada de protesta fue a nivel nacional e internacional, y nuestra gente desde los 5 continentes se expres\u00f3 categ\u00f3ricamente repudiando la artera maniobra de un r\u00e9gimen derrotado y soberbio que no acepta su fracaso.<br>Viva Venezuela libre y soberana.<br>Seguimos la lucha y llegaremos #HastaElFinal porque nos asiste la verdad y la justicia.<br>Nuestro Coordinador Nacional de AMOR Dip. Ing\u00ba. Arnoldo Benitez C estuvo junto a compa\u00f1eros de FENAJUP acompa\u00f1ando la actividad.<\/p>\n\n\n\n<figure class=\"wp-block-gallery has-nested-images columns-default is-cropped wp-block-gallery-1 is-layout-flex wp-block-gallery-is-layout-flex\">\n<figure class=\"wp-block-image size-large\"><img fetchpriority=\"high\" decoding=\"async\" width=\"1080\" height=\"1086\" data-id=\"11382\" src=\"https:\/\/www.defiendete.org\/noticias\/wp-content\/uploads\/2024\/08\/IMG_20240818_193555.jpg\" alt=\"\" class=\"wp-image-11382\" srcset=\"https:\/\/www.defiendete.org\/noticias\/wp-content\/uploads\/2024\/08\/IMG_20240818_193555.jpg 1080w, https:\/\/www.defiendete.org\/noticias\/wp-content\/uploads\/2024\/08\/IMG_20240818_193555-636x640.jpg 636w, https:\/\/www.defiendete.org\/noticias\/wp-content\/uploads\/2024\/08\/IMG_20240818_193555-150x150.jpg 150w, https:\/\/www.defiendete.org\/noticias\/wp-content\/uploads\/2024\/08\/IMG_20240818_193555-768x772.jpg 768w\" sizes=\"(max-width: 1080px) 100vw, 1080px\" \/><\/figure>\n\n\n\n<figure class=\"wp-block-image size-large\"><img decoding=\"async\" width=\"1080\" height=\"1089\" data-id=\"11383\" src=\"https:\/\/www.defiendete.org\/noticias\/wp-content\/uploads\/2024\/08\/IMG_20240818_193518.jpg\" alt=\"\" class=\"wp-image-11383\" srcset=\"https:\/\/www.defiendete.org\/noticias\/wp-content\/uploads\/2024\/08\/IMG_20240818_193518.jpg 1080w, https:\/\/www.defiendete.org\/noticias\/wp-content\/uploads\/2024\/08\/IMG_20240818_193518-635x640.jpg 635w, https:\/\/www.defiendete.org\/noticias\/wp-content\/uploads\/2024\/08\/IMG_20240818_193518-150x150.jpg 150w, https:\/\/www.defiendete.org\/noticias\/wp-content\/uploads\/2024\/08\/IMG_20240818_193518-768x774.jpg 768w\" sizes=\"(max-width: 1080px) 100vw, 1080px\" \/><\/figure>\n\n\n\n<figure class=\"wp-block-image size-large\"><img decoding=\"async\" width=\"1080\" height=\"1075\" data-id=\"11381\" src=\"https:\/\/www.defiendete.org\/noticias\/wp-content\/uploads\/2024\/08\/IMG_20240818_193443.jpg\" alt=\"\" class=\"wp-image-11381\" srcset=\"https:\/\/www.defiendete.org\/noticias\/wp-content\/uploads\/2024\/08\/IMG_20240818_193443.jpg 1080w, https:\/\/www.defiendete.org\/noticias\/wp-content\/uploads\/2024\/08\/IMG_20240818_193443-640x637.jpg 640w, https:\/\/www.defiendete.org\/noticias\/wp-content\/uploads\/2024\/08\/IMG_20240818_193443-150x150.jpg 150w, https:\/\/www.defiendete.org\/noticias\/wp-content\/uploads\/2024\/08\/IMG_20240818_193443-768x764.jpg 768w\" sizes=\"(max-width: 1080px) 100vw, 1080px\" \/><\/figure>\n\n\n\n<figure class=\"wp-block-image size-large\"><img loading=\"lazy\" decoding=\"async\" width=\"833\" height=\"1348\" data-id=\"11380\" src=\"https:\/\/www.defiendete.org\/noticias\/wp-content\/uploads\/2024\/08\/IMG_-cvqga1.jpg\" alt=\"\" class=\"wp-image-11380\" srcset=\"https:\/\/www.defiendete.org\/noticias\/wp-content\/uploads\/2024\/08\/IMG_-cvqga1.jpg 833w, https:\/\/www.defiendete.org\/noticias\/wp-content\/uploads\/2024\/08\/IMG_-cvqga1-395x640.jpg 395w, https:\/\/www.defiendete.org\/noticias\/wp-content\/uploads\/2024\/08\/IMG_-cvqga1-768x1243.jpg 768w\" sizes=\"(max-width: 833px) 100vw, 833px\" \/><\/figure>\n\n\n\n<figure class=\"wp-block-image size-large\"><img loading=\"lazy\" decoding=\"async\" width=\"875\" height=\"1327\" data-id=\"11379\" src=\"https:\/\/www.defiendete.org\/noticias\/wp-content\/uploads\/2024\/08\/IMG_gwyo5z.jpg\" alt=\"\" class=\"wp-image-11379\" srcset=\"https:\/\/www.defiendete.org\/noticias\/wp-content\/uploads\/2024\/08\/IMG_gwyo5z.jpg 875w, https:\/\/www.defiendete.org\/noticias\/wp-content\/uploads\/2024\/08\/IMG_gwyo5z-422x640.jpg 422w, https:\/\/www.defiendete.org\/noticias\/wp-content\/uploads\/2024\/08\/IMG_gwyo5z-768x1165.jpg 768w\" sizes=\"(max-width: 875px) 100vw, 875px\" \/><\/figure>\n\n\n\n<figure class=\"wp-block-image size-large\"><img loading=\"lazy\" decoding=\"async\" width=\"461\" height=\"1024\" data-id=\"11377\" src=\"https:\/\/www.defiendete.org\/noticias\/wp-content\/uploads\/2024\/08\/IMG-20240817-WA00411.jpg\" alt=\"\" class=\"wp-image-11377\" srcset=\"https:\/\/www.defiendete.org\/noticias\/wp-content\/uploads\/2024\/08\/IMG-20240817-WA00411.jpg 461w, https:\/\/www.defiendete.org\/noticias\/wp-content\/uploads\/2024\/08\/IMG-20240817-WA00411-288x640.jpg 288w\" sizes=\"(max-width: 461px) 100vw, 461px\" \/><\/figure>\n\n\n\n<figure class=\"wp-block-image size-large\"><img loading=\"lazy\" decoding=\"async\" width=\"1020\" height=\"459\" data-id=\"11378\" src=\"https:\/\/www.defiendete.org\/noticias\/wp-content\/uploads\/2024\/08\/IMG-20240817-WA0027.jpg\" alt=\"\" class=\"wp-image-11378\" srcset=\"https:\/\/www.defiendete.org\/noticias\/wp-content\/uploads\/2024\/08\/IMG-20240817-WA0027.jpg 1020w, https:\/\/www.defiendete.org\/noticias\/wp-content\/uploads\/2024\/08\/IMG-20240817-WA0027-640x288.jpg 640w, https:\/\/www.defiendete.org\/noticias\/wp-content\/uploads\/2024\/08\/IMG-20240817-WA0027-768x346.jpg 768w\" sizes=\"(max-width: 1020px) 100vw, 1020px\" \/><\/figure>\n<\/figure>\n","protected":false},"excerpt":{"rendered":"<p>17Agosto Protesta Mundial por la Verdad Im\u00e1genes del #17Ago en Caracas, cuando el pueblo sali\u00f3 a respaldar a nuestro Presidente Electo Edmundo Gonz\u00e1lez Urrutia y a rechazar de manera contundente, el golpe electoral a la CNRBV.La soberan\u00eda reside en el pueblo y [&hellip;]<\/p>\n","protected":false},"author":2,"featured_media":11382,"comment_status":"open","ping_status":"open","sticky":false,"template":"","format":"standard","meta":{"_uag_custom_page_level_css":"","site-sidebar-layout":"default","site-content-layout":"","ast-site-content-layout":"default","site-content-style":"default","site-sidebar-style":"default","ast-global-header-display":"","ast-banner-title-visibility":"","ast-main-header-display":"","ast-hfb-above-header-display":"","ast-hfb-below-header-display":"","ast-hfb-mobile-header-display":"","site-post-title":"","ast-breadcrumbs-content":"","ast-featured-img":"","footer-sml-layout":"","theme-transparent-header-meta":"","adv-header-id-meta":"","stick-header-meta":"","header-above-stick-meta":"","header-main-stick-meta":"","header-below-stick-meta":"","astra-migrate-meta-layouts":"set","ast-page-background-enabled":"default","ast-page-background-meta":{"desktop":{"background-color":"","background-image":"","background-repeat":"repeat","background-position":"center center","background-size":"auto","background-attachment":"scroll","background-type":"","background-media":"","overlay-type":"","overlay-color":"","overlay-opacity":"","overlay-gradient":""},"tablet":{"background-color":"","background-image":"","background-repeat":"repeat","background-position":"center center","background-size":"auto","background-attachment":"scroll","background-type":"","background-media":"","overlay-type":"","overlay-color":"","overlay-opacity":"","overlay-gradient":""},"mobile":{"background-color":"","background-image":"","background-repeat":"repeat","background-position":"center center","background-size":"auto","background-attachment":"scroll","background-type":"","background-media":"","overlay-type":"","overlay-color":"","overlay-opacity":"","overlay-gradient":""}},"ast-content-background-meta":{"desktop":{"background-color":"var(--ast-global-color-5)","background-image":"","background-repeat":"repeat","background-position":"center center","background-size":"auto","background-attachment":"scroll","background-type":"","background-media":"","overlay-type":"","overlay-color":"","overlay-opacity":"","overlay-gradient":""},"tablet":{"background-color":"var(--ast-global-color-5)","background-image":"","background-repeat":"repeat","background-position":"center center","background-size":"auto","background-attachment":"scroll","background-type":"","background-media":"","overlay-type":"","overlay-color":"","overlay-opacity":"","overlay-gradient":""},"mobile":{"background-color":"var(--ast-global-color-5)","background-image":"","background-repeat":"repeat","background-position":"center center","background-size":"auto","background-attachment":"scroll","background-type":"","background-media":"","overlay-type":"","overlay-color":"","overlay-opacity":"","overlay-gradient":""}},"footnotes":""},"categories":[1,42],"tags":[50,88,103,75],"class_list":["post-11376","post","type-post","status-publish","format-standard","has-post-thumbnail","hentry","category-general","category-hasta-el-final","tag-adultos-mayores","tag-derechos-constitucionales","tag-justicia","tag-libertad"],"uagb_featured_image_src":{"full":["https:\/\/www.defiendete.org\/noticias\/wp-content\/uploads\/2024\/08\/IMG_20240818_193555.jpg",1080,1086,false],"thumbnail":["https:\/\/www.defiendete.org\/noticias\/wp-content\/uploads\/2024\/08\/IMG_20240818_193555-150x150.jpg",150,150,true],"medium":["https:\/\/www.defiendete.org\/noticias\/wp-content\/uploads\/2024\/08\/IMG_20240818_193555-636x640.jpg",636,640,true],"medium_large":["https:\/\/www.defiendete.org\/noticias\/wp-content\/uploads\/2024\/08\/IMG_20240818_193555-768x772.jpg",768,772,true],"large":["https:\/\/www.defiendete.org\/noticias\/wp-content\/uploads\/2024\/08\/IMG_20240818_193555.jpg",1080,1086,false],"1536x1536":["https:\/\/www.defiendete.org\/noticias\/wp-content\/uploads\/2024\/08\/IMG_20240818_193555.jpg",1080,1086,false],"2048x2048":["https:\/\/www.defiendete.org\/noticias\/wp-content\/uploads\/2024\/08\/IMG_20240818_193555.jpg",1080,1086,false]},"uagb_author_info":{"display_name":"FEVACU","author_link":"https:\/\/www.defiendete.org\/noticias\/author\/fevacu\/"},"uagb_comment_info":1,"uagb_excerpt":"17Agosto Protesta Mundial por la Verdad Im\u00e1genes del #17Ago en Caracas, cuando el pueblo sali\u00f3 a respaldar a nuestro Presidente Electo Edmundo Gonz\u00e1lez Urrutia y a rechazar de manera contundente, el golpe electoral a la CNRBV.La soberan\u00eda reside en el pueblo y [&hellip;]","_links":{"self":[{"href":"https:\/\/www.defiendete.org\/noticias\/wp-json\/wp\/v2\/posts\/11376","targetHints":{"allow":["GET"]}}],"collection":[{"href":"https:\/\/www.defiendete.org\/noticias\/wp-json\/wp\/v2\/posts"}],"about":[{"href":"https:\/\/www.defiendete.org\/noticias\/wp-json\/wp\/v2\/types\/post"}],"author":[{"embeddable":true,"href":"https:\/\/www.defiendete.org\/noticias\/wp-json\/wp\/v2\/users\/2"}],"replies":[{"embeddable":true,"href":"https:\/\/www.defiendete.org\/noticias\/wp-json\/wp\/v2\/comments?post=11376"}],"version-history":[{"count":2,"href":"https:\/\/www.defiendete.org\/noticias\/wp-json\/wp\/v2\/posts\/11376\/revisions"}],"predecessor-version":[{"id":11391,"href":"https:\/\/www.defiendete.org\/noticias\/wp-json\/wp\/v2\/posts\/11376\/revisions\/11391"}],"wp:featuredmedia":[{"embeddable":true,"href":"https:\/\/www.defiendete.org\/noticias\/wp-json\/wp\/v2\/media\/11382"}],"wp:attachment":[{"href":"https:\/\/www.defiendete.org\/noticias\/wp-json\/wp\/v2\/media?parent=11376"}],"wp:term":[{"taxonomy":"category","embeddable":true,"href":"https:\/\/www.defiendete.org\/noticias\/wp-json\/wp\/v2\/categories?post=11376"},{"taxonomy":"post_tag","embeddable":true,"href":"https:\/\/www.defiendete.org\/noticias\/wp-json\/wp\/v2\/tags?post=11376"}],"curies":[{"name":"wp","href":"https:\/\/api.w.org\/{rel}","templated":true}]}}