{"id":7882,"date":"2017-03-28T18:46:11","date_gmt":"2017-03-28T23:16:11","guid":{"rendered":"http:\/\/www.defiendete.org\/noticias\/?p=7882"},"modified":"2024-05-08T08:11:26","modified_gmt":"2024-05-08T12:41:26","slug":"arnoldo-benitez-marcharemos-exigiendo-los-derechos-de-los-adultos-mayores","status":"publish","type":"post","link":"https:\/\/www.defiendete.org\/noticias\/arnoldo-benitez-marcharemos-exigiendo-los-derechos-de-los-adultos-mayores\/","title":{"rendered":"Arnoldo Benitez: MARCHAREMOS EXIGIENDO LOS DERECHOS DE LOS ADULTOS MAYORES"},"content":{"rendered":"<p>Marcharemos para obligar al Gobierno Nacional que cumpla con la ley aprobada por la Asamblea Nacional, Ley del Bono de Alimentaci\u00f3n y Medicamentos para los Adultos Mayores, Jubilados y Pensionados. El d\u00eda 29\/03\/2017 se ha convocado a una marcha \u00a0nacional de pensionados y jubilados, por el derecho a pensiones y jubilaciones dignas, por el derecho a la alimentaci\u00f3n y a la salud a partir de las 09:00am desde la Plaza Carabobo.<\/p>\n<p>El\u00a0pr\u00f3ximo 30\/03\/2017 se cumple un a\u00f1o de haber sido aprobada esta ley por la Asamblea Nacional se ha programado actividades en todo el pa\u00eds, en particular en Caracas cantar el cumplea\u00f1os INFELIZ a una ley que esta a la espera para mejorar la calidad de vida a los jubilados y pensionados del pa\u00eds.<\/p>\n<div class=\"ast-oembed-container \" style=\"height: 100%;\"><iframe title=\"Arnoldo Benitez: Marcharemos exigiendo los derechos a la salud y alimentacion para Jub. Y Pens.\" width=\"500\" height=\"281\" src=\"https:\/\/www.youtube.com\/embed\/Vf8DquILi70?feature=oembed\" frameborder=\"0\" allow=\"accelerometer; autoplay; clipboard-write; encrypted-media; gyroscope; picture-in-picture; web-share\" referrerpolicy=\"strict-origin-when-cross-origin\" allowfullscreen><\/iframe><\/div>\n","protected":false},"excerpt":{"rendered":"<p>Marcharemos para obligar al Gobierno Nacional que cumpla con la ley aprobada por la Asamblea Nacional, Ley del Bono de Alimentaci\u00f3n y Medicamentos para los Adultos Mayores, Jubilados y Pensionados. El d\u00eda 29\/03\/2017 se ha convocado a una marcha \u00a0nacional de pensionados [&hellip;]<\/p>\n","protected":false},"author":2,"featured_media":11073,"comment_status":"open","ping_status":"open","sticky":false,"template":"","format":"standard","meta":{"_uag_custom_page_level_css":"","site-sidebar-layout":"default","site-content-layout":"","ast-site-content-layout":"default","site-content-style":"default","site-sidebar-style":"default","ast-global-header-display":"","ast-banner-title-visibility":"","ast-main-header-display":"","ast-hfb-above-header-display":"","ast-hfb-below-header-display":"","ast-hfb-mobile-header-display":"","site-post-title":"","ast-breadcrumbs-content":"","ast-featured-img":"","footer-sml-layout":"","theme-transparent-header-meta":"","adv-header-id-meta":"","stick-header-meta":"","header-above-stick-meta":"","header-main-stick-meta":"","header-below-stick-meta":"","astra-migrate-meta-layouts":"set","ast-page-background-enabled":"default","ast-page-background-meta":{"desktop":{"background-color":"","background-image":"","background-repeat":"repeat","background-position":"center center","background-size":"auto","background-attachment":"scroll","background-type":"","background-media":"","overlay-type":"","overlay-color":"","overlay-opacity":"","overlay-gradient":""},"tablet":{"background-color":"","background-image":"","background-repeat":"repeat","background-position":"center center","background-size":"auto","background-attachment":"scroll","background-type":"","background-media":"","overlay-type":"","overlay-color":"","overlay-opacity":"","overlay-gradient":""},"mobile":{"background-color":"","background-image":"","background-repeat":"repeat","background-position":"center center","background-size":"auto","background-attachment":"scroll","background-type":"","background-media":"","overlay-type":"","overlay-color":"","overlay-opacity":"","overlay-gradient":""}},"ast-content-background-meta":{"desktop":{"background-color":"var(--ast-global-color-5)","background-image":"","background-repeat":"repeat","background-position":"center center","background-size":"auto","background-attachment":"scroll","background-type":"","background-media":"","overlay-type":"","overlay-color":"","overlay-opacity":"","overlay-gradient":""},"tablet":{"background-color":"var(--ast-global-color-5)","background-image":"","background-repeat":"repeat","background-position":"center center","background-size":"auto","background-attachment":"scroll","background-type":"","background-media":"","overlay-type":"","overlay-color":"","overlay-opacity":"","overlay-gradient":""},"mobile":{"background-color":"var(--ast-global-color-5)","background-image":"","background-repeat":"repeat","background-position":"center center","background-size":"auto","background-attachment":"scroll","background-type":"","background-media":"","overlay-type":"","overlay-color":"","overlay-opacity":"","overlay-gradient":""}},"footnotes":""},"categories":[1],"tags":[],"class_list":["post-7882","post","type-post","status-publish","format-standard","has-post-thumbnail","hentry","category-general"],"uagb_featured_image_src":{"full":["https:\/\/www.defiendete.org\/noticias\/wp-content\/uploads\/2017\/03\/Captura-ABC.jpeg",1320,1356,false],"thumbnail":["https:\/\/www.defiendete.org\/noticias\/wp-content\/uploads\/2017\/03\/Captura-ABC.jpeg",146,150,false],"medium":["https:\/\/www.defiendete.org\/noticias\/wp-content\/uploads\/2017\/03\/Captura-ABC.jpeg",623,640,false],"medium_large":["https:\/\/www.defiendete.org\/noticias\/wp-content\/uploads\/2017\/03\/Captura-ABC.jpeg",768,789,false],"large":["https:\/\/www.defiendete.org\/noticias\/wp-content\/uploads\/2017\/03\/Captura-ABC.jpeg",1320,1356,false],"1536x1536":["https:\/\/www.defiendete.org\/noticias\/wp-content\/uploads\/2017\/03\/Captura-ABC.jpeg",1320,1356,false],"2048x2048":["https:\/\/www.defiendete.org\/noticias\/wp-content\/uploads\/2017\/03\/Captura-ABC.jpeg",1320,1356,false]},"uagb_author_info":{"display_name":"FEVACU","author_link":"https:\/\/www.defiendete.org\/noticias\/author\/fevacu\/"},"uagb_comment_info":1,"uagb_excerpt":"Marcharemos para obligar al Gobierno Nacional que cumpla con la ley aprobada por la Asamblea Nacional, Ley del Bono de Alimentaci\u00f3n y Medicamentos para los Adultos Mayores, Jubilados y Pensionados. El d\u00eda 29\/03\/2017 se ha convocado a una marcha \u00a0nacional de pensionados [&hellip;]","_links":{"self":[{"href":"https:\/\/www.defiendete.org\/noticias\/wp-json\/wp\/v2\/posts\/7882","targetHints":{"allow":["GET"]}}],"collection":[{"href":"https:\/\/www.defiendete.org\/noticias\/wp-json\/wp\/v2\/posts"}],"about":[{"href":"https:\/\/www.defiendete.org\/noticias\/wp-json\/wp\/v2\/types\/post"}],"author":[{"embeddable":true,"href":"https:\/\/www.defiendete.org\/noticias\/wp-json\/wp\/v2\/users\/2"}],"replies":[{"embeddable":true,"href":"https:\/\/www.defiendete.org\/noticias\/wp-json\/wp\/v2\/comments?post=7882"}],"version-history":[{"count":1,"href":"https:\/\/www.defiendete.org\/noticias\/wp-json\/wp\/v2\/posts\/7882\/revisions"}],"predecessor-version":[{"id":11074,"href":"https:\/\/www.defiendete.org\/noticias\/wp-json\/wp\/v2\/posts\/7882\/revisions\/11074"}],"wp:featuredmedia":[{"embeddable":true,"href":"https:\/\/www.defiendete.org\/noticias\/wp-json\/wp\/v2\/media\/11073"}],"wp:attachment":[{"href":"https:\/\/www.defiendete.org\/noticias\/wp-json\/wp\/v2\/media?parent=7882"}],"wp:term":[{"taxonomy":"category","embeddable":true,"href":"https:\/\/www.defiendete.org\/noticias\/wp-json\/wp\/v2\/categories?post=7882"},{"taxonomy":"post_tag","embeddable":true,"href":"https:\/\/www.defiendete.org\/noticias\/wp-json\/wp\/v2\/tags?post=7882"}],"curies":[{"name":"wp","href":"https:\/\/api.w.org\/{rel}","templated":true}]}}